{"id":260354,"date":"2025-09-23T08:00:00","date_gmt":"2025-09-23T13:00:00","guid":{"rendered":"https:\/\/ugel04.gob.pe\/home\/?p=260354"},"modified":"2025-09-23T10:42:37","modified_gmt":"2025-09-23T15:42:37","slug":"especialistas-de-agebre-realizan-monitoreo-pedagogico-intensivo-programado-por-drelm","status":"publish","type":"post","link":"https:\/\/ugel04.gob.pe\/home\/especialistas-de-agebre-realizan-monitoreo-pedagogico-intensivo-programado-por-drelm\/","title":{"rendered":"ESPECIALISTAS DE AGEBRE REALIZAN MONITOREO PEDAG\u00d3GICO INTENSIVO PROGRAMADO POR DRELM"},"content":{"rendered":"\n[et_pb_section fb_built=\u00bb1&#8243; theme_builder_area=\u00bbpost_content\u00bb _builder_version=\u00bb4.27.4&#8243; _module_preset=\u00bbdefault\u00bb da_is_popup=\u00bboff\u00bb da_exit_intent=\u00bboff\u00bb da_has_close=\u00bbon\u00bb da_alt_close=\u00bboff\u00bb da_dark_close=\u00bboff\u00bb da_not_modal=\u00bbon\u00bb da_is_singular=\u00bboff\u00bb da_with_loader=\u00bboff\u00bb da_has_shadow=\u00bbon\u00bb da_disable_devices=\u00bboff|off|off\u00bb][et_pb_row _builder_version=\u00bb4.27.4&#8243; _module_preset=\u00bbdefault\u00bb theme_builder_area=\u00bbpost_content\u00bb][et_pb_column _builder_version=\u00bb4.27.4&#8243; _module_preset=\u00bbdefault\u00bb type=\u00bb4_4&#8243; theme_builder_area=\u00bbpost_content\u00bb][et_pb_text _builder_version=\u00bb4.27.4&#8243; _module_preset=\u00bbdefault\u00bb theme_builder_area=\u00bbpost_content\u00bb hover_enabled=\u00bb0&#8243; sticky_enabled=\u00bb0&#8243;]<p>Con el objetivo de fortalecer el trabajo docente y garantizar aprendizajes de calidad en las aulas, los especialistas en educaci\u00f3n del \u00c1rea de Gesti\u00f3n Educativa B\u00e1sica Regular y Especial (AGEBRE) de la UGEL 04 vienen realizando el monitoreo pedag\u00f3gico intensivo en instituciones educativas de EBR, dispuesto por la DRELM de manera simult\u00e1nea en todas las UGEL de la capital.<\/p>\n<p>En esta primera etapa, se est\u00e1 evaluando al 100% de los docentes focalizados: nivel inicial (aulas de 4 a\u00f1os), primaria (2.\u00ba y 4.\u00ba grado) y secundaria (\u00e1reas curriculares principales de 1.\u00ba de secundaria).<\/p>\n<p>El proceso se desarrolla con la participaci\u00f3n activa de los directores y subdirectores de cada instituci\u00f3n educativa, quienes, previamente fortalecidos en el uso de la r\u00fabrica de evaluaci\u00f3n, realizan el monitoreo en sus propias escuelas, en los casos en que los directivos se encuentran con aula a cargo, de vacaciones o con licencia, la UGEL 04 asegura la cobertura a trav\u00e9s de sus especialistas.<\/p>\n<p>La evaluaci\u00f3n se lleva a cabo con la r\u00fabrica de observaci\u00f3n de la pr\u00e1ctica docente y un instrumento de planificaci\u00f3n curricular, que permiten recoger informaci\u00f3n valiosa sobre el desempe\u00f1o pedag\u00f3gico, asimismo, al t\u00e9rmino de cada visita, se realiza una reflexi\u00f3n conjunta y retroalimentaci\u00f3n personalizada con los docentes monitoreados.<\/p>\n<p>El monitoreo pedag\u00f3gico cuenta con dos etapas: la primera, a cargo de la DRELM y UGEL, y una segunda, donde los propios directivos contin\u00faan el acompa\u00f1amiento. En el caso de la UGEL 04, este proceso corresponde al tercer tramo del calendario establecido, garantizando que todas las instituciones educativas sean atendidas en los plazos previstos.<\/p>[\/et_pb_text][\/et_pb_column][\/et_pb_row][\/et_pb_section]\n","protected":false},"excerpt":{"rendered":"<p>Con el objetivo de fortalecer el trabajo docente y garantizar aprendizajes de calidad en las aulas, los especialistas en educaci\u00f3n del \u00c1rea de Gesti\u00f3n Educativa B\u00e1sica Regular y Especial (AGEBRE) [&hellip;]<\/p>\n","protected":false},"author":1,"featured_media":260355,"comment_status":"open","ping_status":"open","sticky":false,"template":"","format":"standard","meta":{"_et_pb_use_builder":"on","_et_pb_old_content":"","_et_gb_content_width":"1080","footnotes":""},"categories":[10],"tags":[],"class_list":["post-260354","post","type-post","status-publish","format-standard","has-post-thumbnail","hentry","category-noticias"],"_links":{"self":[{"href":"https:\/\/ugel04.gob.pe\/home\/wp-json\/wp\/v2\/posts\/260354","targetHints":{"allow":["GET"]}}],"collection":[{"href":"https:\/\/ugel04.gob.pe\/home\/wp-json\/wp\/v2\/posts"}],"about":[{"href":"https:\/\/ugel04.gob.pe\/home\/wp-json\/wp\/v2\/types\/post"}],"author":[{"embeddable":true,"href":"https:\/\/ugel04.gob.pe\/home\/wp-json\/wp\/v2\/users\/1"}],"replies":[{"embeddable":true,"href":"https:\/\/ugel04.gob.pe\/home\/wp-json\/wp\/v2\/comments?post=260354"}],"version-history":[{"count":3,"href":"https:\/\/ugel04.gob.pe\/home\/wp-json\/wp\/v2\/posts\/260354\/revisions"}],"predecessor-version":[{"id":260358,"href":"https:\/\/ugel04.gob.pe\/home\/wp-json\/wp\/v2\/posts\/260354\/revisions\/260358"}],"wp:featuredmedia":[{"embeddable":true,"href":"https:\/\/ugel04.gob.pe\/home\/wp-json\/wp\/v2\/media\/260355"}],"wp:attachment":[{"href":"https:\/\/ugel04.gob.pe\/home\/wp-json\/wp\/v2\/media?parent=260354"}],"wp:term":[{"taxonomy":"category","embeddable":true,"href":"https:\/\/ugel04.gob.pe\/home\/wp-json\/wp\/v2\/categories?post=260354"},{"taxonomy":"post_tag","embeddable":true,"href":"https:\/\/ugel04.gob.pe\/home\/wp-json\/wp\/v2\/tags?post=260354"}],"curies":[{"name":"wp","href":"https:\/\/api.w.org\/{rel}","templated":true}]}}