{"id":260350,"date":"2025-09-22T17:07:31","date_gmt":"2025-09-22T22:07:31","guid":{"rendered":"https:\/\/ugel04.gob.pe\/home\/?p=260350"},"modified":"2025-09-22T17:07:39","modified_gmt":"2025-09-22T22:07:39","slug":"gran-inicio-de-semana-tecnica-productiva-de-cetpro","status":"publish","type":"post","link":"https:\/\/ugel04.gob.pe\/home\/gran-inicio-de-semana-tecnica-productiva-de-cetpro\/","title":{"rendered":"GRAN INICIO DE SEMANA T\u00c9CNICA PRODUCTIVA DE CETPRO"},"content":{"rendered":"<p>[et_pb_section fb_built=\u00bb1&#8243; theme_builder_area=\u00bbpost_content\u00bb _builder_version=\u00bb4.27.4&#8243; _module_preset=\u00bbdefault\u00bb da_is_popup=\u00bboff\u00bb da_exit_intent=\u00bboff\u00bb da_has_close=\u00bbon\u00bb da_alt_close=\u00bboff\u00bb da_dark_close=\u00bboff\u00bb da_not_modal=\u00bbon\u00bb da_is_singular=\u00bboff\u00bb da_with_loader=\u00bboff\u00bb da_has_shadow=\u00bbon\u00bb da_disable_devices=\u00bboff|off|off\u00bb][et_pb_row _builder_version=\u00bb4.27.4&#8243; _module_preset=\u00bbdefault\u00bb theme_builder_area=\u00bbpost_content\u00bb][et_pb_column _builder_version=\u00bb4.27.4&#8243; _module_preset=\u00bbdefault\u00bb type=\u00bb4_4&#8243; theme_builder_area=\u00bbpost_content\u00bb][et_pb_text _builder_version=\u00bb4.27.4&#8243; _module_preset=\u00bbdefault\u00bb theme_builder_area=\u00bbpost_content\u00bb hover_enabled=\u00bb0&#8243; sticky_enabled=\u00bb0&#8243;]<\/p>\n<p>Con la participaci\u00f3n entusiasta de directivos, docentes y estudiantes de los CETPRO p\u00fablicos y privados de nuestra jurisdicci\u00f3n, se dio inicio la semana de la educaci\u00f3n t\u00e9cnica productiva de esta modalidad de estudio, organizada por la UGEL 04 con la finalidad de revalorar la destacada labor que cumplen en bien del desarrollo del pa\u00eds.<\/p>\n<p>La apertura de actividades tuvo como sede el CETPRO Luis Braille, en Comas, donde a primera hora se desarroll\u00f3 la celebraci\u00f3n de la palabra a cargo de las religiosas Alejandrina Ayala y Juliana Beretic (Congregaci\u00f3n Hijas de la Misericordia), continuando con el tributo a la patria y posterior desfile institucional, en el que participaron con gran j\u00fabilo nutridas delegaciones estudiantiles beneficiarias de diversas carreras t\u00e9cnicas.<\/p>\n<p>Durante la ceremonia oficial, el jefe de AGEBATP Roberto Zevallos, en representaci\u00f3n de nuestra entidad, resalt\u00f3 la importancia de la educaci\u00f3n t\u00e9cnica como un pilar fundamental para abastecer y potenciar el desarrollo empresarial e industrial en el Per\u00fa.<\/p>\n<p>\u201cEl servicio formativo que brindan los CETPRO tienen gran trascendencia en nuestra sociedad, toda vez que cambian la vida de muchas personas, al impartirles conocimiento t\u00e9cnico necesario para insertase en el mercado laboral, ya sea como trabajador dependiente o como independiente\u201d, manifest\u00f3 Zevallos. \u00a0\u00a0<\/p>\n<p>Asimismo, el funcionario confirm\u00f3 que en el presente a\u00f1o, 04 CETPRO de nuestra jurisdicci\u00f3n han sido elegidos por le Ministerio de Educaci\u00f3n como beneficiarios de un paquete de ayuda consistente en maquinarias, que ser\u00e1n adquiridas por la UGEL 04, para potenciar los talleres donde se imparte formaci\u00f3n t\u00e9cnica; a\u00f1adiendo, que en lo sucesivo esta ayuda se extender\u00e1 de forma paulatina a los dem\u00e1s CETPRO, para benepl\u00e1cito de los estudiantes.<\/p>\n<p>La actividad culmin\u00f3 con un jubiloso compartir musical en el que los integrantes de la comunidad de Red de CETPRO adscritos a nuestra entidad estrecharon lazos de fraternidad.<\/p>\n<p>Cabe resaltar que, el congreso de la rep\u00fablica aprob\u00f3 una Ley, mediante la cual declara el 24 de setiembre como D\u00eda Nacional de la Educaci\u00f3n T\u00e9cnica en el Per\u00fa, respaldando de esta forma la encomiable labor que cumplen las instituciones educativas dedicadas a este rol formador.<\/p>\n<p><strong>Cronograma de actividades fruct\u00edferas<\/strong><\/p>\n<p>En marco de las actividades por la semana de la educaci\u00f3n t\u00e9cnica productiva, se han preparado el siguiente cronograma, en beneficio de la comunidad educativa de los CETPRO:<\/p>\n<ul>\n<li>Jornada de conferencias magistrales gratuitas, en el auditorio de la Universidad de Ciencias y Humanidades \u2013 UCH (martes 23 de setiembre).<\/li>\n<li>Concurso de docentes de panader\u00eda y pasteler\u00eda \u201cPan saludable multigrado innovador\u201d, en el frontis de la municipalidad de Carabayllo (mi\u00e9rcoles 24 de setiembre).<\/li>\n<li>Expo-venta de productos, en la sede de cada CETPRO (jueves 25 de setiembre).<\/li>\n<li>Jornada deportiva de los CETPRO, en el Parque Zonal Sinchi Roca (viernes 26 de setiembre).<\/li>\n<\/ul>\n<p>[\/et_pb_text][\/et_pb_column][\/et_pb_row][\/et_pb_section]<\/p>\n","protected":false},"excerpt":{"rendered":"<p>Con la participaci\u00f3n entusiasta de directivos, docentes y estudiantes de los CETPRO p\u00fablicos y privados de nuestra jurisdicci\u00f3n, se dio inicio la semana de la educaci\u00f3n t\u00e9cnica productiva de esta [&hellip;]<\/p>\n","protected":false},"author":1,"featured_media":260351,"comment_status":"open","ping_status":"open","sticky":false,"template":"","format":"standard","meta":{"_et_pb_use_builder":"on","_et_pb_old_content":"","_et_gb_content_width":"1080","footnotes":""},"categories":[10],"tags":[],"class_list":["post-260350","post","type-post","status-publish","format-standard","has-post-thumbnail","hentry","category-noticias"],"_links":{"self":[{"href":"https:\/\/ugel04.gob.pe\/home\/wp-json\/wp\/v2\/posts\/260350","targetHints":{"allow":["GET"]}}],"collection":[{"href":"https:\/\/ugel04.gob.pe\/home\/wp-json\/wp\/v2\/posts"}],"about":[{"href":"https:\/\/ugel04.gob.pe\/home\/wp-json\/wp\/v2\/types\/post"}],"author":[{"embeddable":true,"href":"https:\/\/ugel04.gob.pe\/home\/wp-json\/wp\/v2\/users\/1"}],"replies":[{"embeddable":true,"href":"https:\/\/ugel04.gob.pe\/home\/wp-json\/wp\/v2\/comments?post=260350"}],"version-history":[{"count":2,"href":"https:\/\/ugel04.gob.pe\/home\/wp-json\/wp\/v2\/posts\/260350\/revisions"}],"predecessor-version":[{"id":260353,"href":"https:\/\/ugel04.gob.pe\/home\/wp-json\/wp\/v2\/posts\/260350\/revisions\/260353"}],"wp:featuredmedia":[{"embeddable":true,"href":"https:\/\/ugel04.gob.pe\/home\/wp-json\/wp\/v2\/media\/260351"}],"wp:attachment":[{"href":"https:\/\/ugel04.gob.pe\/home\/wp-json\/wp\/v2\/media?parent=260350"}],"wp:term":[{"taxonomy":"category","embeddable":true,"href":"https:\/\/ugel04.gob.pe\/home\/wp-json\/wp\/v2\/categories?post=260350"},{"taxonomy":"post_tag","embeddable":true,"href":"https:\/\/ugel04.gob.pe\/home\/wp-json\/wp\/v2\/tags?post=260350"}],"curies":[{"name":"wp","href":"https:\/\/api.w.org\/{rel}","templated":true}]}}