{"id":260342,"date":"2025-09-19T17:21:36","date_gmt":"2025-09-19T22:21:36","guid":{"rendered":"https:\/\/ugel04.gob.pe\/home\/?p=260342"},"modified":"2025-09-19T17:21:37","modified_gmt":"2025-09-19T22:21:37","slug":"se-realiza-primera-reunion-interinstitucional-para-fortalecer-un-modelo-de-mancomunidad-educativa","status":"publish","type":"post","link":"https:\/\/ugel04.gob.pe\/home\/se-realiza-primera-reunion-interinstitucional-para-fortalecer-un-modelo-de-mancomunidad-educativa\/","title":{"rendered":"SE REALIZA PRIMERA REUNI\u00d3N INTERINSTITUCIONAL PARA FORTALECER UN MODELO DE MANCOMUNIDAD EDUCATIVA"},"content":{"rendered":"<p>[et_pb_section fb_built=\u00bb1&#8243; theme_builder_area=\u00bbpost_content\u00bb _builder_version=\u00bb4.27.4&#8243; _module_preset=\u00bbdefault\u00bb da_is_popup=\u00bboff\u00bb da_exit_intent=\u00bboff\u00bb da_has_close=\u00bbon\u00bb da_alt_close=\u00bboff\u00bb da_dark_close=\u00bboff\u00bb da_not_modal=\u00bbon\u00bb da_is_singular=\u00bboff\u00bb da_with_loader=\u00bboff\u00bb da_has_shadow=\u00bbon\u00bb da_disable_devices=\u00bboff|off|off\u00bb][et_pb_row _builder_version=\u00bb4.27.4&#8243; _module_preset=\u00bbdefault\u00bb theme_builder_area=\u00bbpost_content\u00bb][et_pb_column _builder_version=\u00bb4.27.4&#8243; _module_preset=\u00bbdefault\u00bb type=\u00bb4_4&#8243; theme_builder_area=\u00bbpost_content\u00bb][et_pb_text _builder_version=\u00bb4.27.4&#8243; _module_preset=\u00bbdefault\u00bb theme_builder_area=\u00bbpost_content\u00bb hover_enabled=\u00bb0&#8243; sticky_enabled=\u00bb0&#8243;]<\/p>\n<p><strong>Con la finalidad de informar a las instituciones que forman parte de los aliados estrat\u00e9gicos, sobre la situaci\u00f3n de logros de aprendizaje alcanzado por las II.EE. de nuestra jurisdicci\u00f3n, la UGEL 04 sostuvo una fruct\u00edfera reuni\u00f3n de trabajo en coordinaci\u00f3n con la DRELM en marco de la pol\u00edtica 7 \u2013 Gesti\u00f3n territorial articulada, que busca construir un modelo de mancomunidad educativa.<\/strong><\/p>\n<p>La presente mesa de dialogo promovi\u00f3 niveles de participaci\u00f3n, concertaci\u00f3n, coordinaci\u00f3n y cooperaci\u00f3n con diversas entidades p\u00fablicas y privadas que trabajan para asegurar una adecuada educaci\u00f3n integral, segura, inclusiva y saludable a favor de los miles de estudiantes de Comas, Carabayllo, Anc\u00f3n, Puente Piedra y Santa Rosa.<\/p>\n<p>Cabe destacar que durante la reuni\u00f3n estuvieron los representantes de los siguientes aliados estrat\u00e9gicos.<\/p>\n<p>-UNICEF<\/p>\n<p>-Save the children<\/p>\n<p>-Municipalidad Distrital de Comas<\/p>\n<p>-Municipalidad Distrital de Carabayllo<\/p>\n<p>-Municipalidad Distrital de Puente Piedra<\/p>\n<p>-Municipalidad Distrital de Santa Rosa<\/p>\n<p>-Municipalidad Distrital de Anc\u00f3n<\/p>\n<p>-Universidad de Ciencias y Humanidades<\/p>\n<p>-Universidad C\u00e9sar Vallejo<\/p>\n<p>-Universidad Tecnol\u00f3gica Per\u00fa<\/p>\n<p>-Universidad Continental<\/p>\n<p>-Servicio de Parques de Lima<\/p>\n<p>-Casa de la Literatura<\/p>\n<p>-Instituto Nacional de Defensa Civil<\/p>\n<p>-Direcci\u00f3n de Redes Integradas de Salud Lima Norte<\/p>\n<p>-Polic\u00eda Nacional del Per\u00fa<\/p>\n<p>-Wasi Mikuna<\/p>\n<p>-Defensor\u00eda Municipal del Ni\u00f1o, Ni\u00f1a y Adolescente<\/p>\n<p>[\/et_pb_text][\/et_pb_column][\/et_pb_row][\/et_pb_section]<\/p>\n","protected":false},"excerpt":{"rendered":"<p>Con la finalidad de informar a las instituciones que forman parte de los aliados estrat\u00e9gicos, sobre la situaci\u00f3n de logros de aprendizaje alcanzado por las II.EE. de nuestra jurisdicci\u00f3n, la [&hellip;]<\/p>\n","protected":false},"author":1,"featured_media":260343,"comment_status":"closed","ping_status":"open","sticky":false,"template":"","format":"standard","meta":{"_et_pb_use_builder":"on","_et_pb_old_content":"","_et_gb_content_width":"1080","footnotes":""},"categories":[10],"tags":[],"class_list":["post-260342","post","type-post","status-publish","format-standard","has-post-thumbnail","hentry","category-noticias"],"_links":{"self":[{"href":"https:\/\/ugel04.gob.pe\/home\/wp-json\/wp\/v2\/posts\/260342","targetHints":{"allow":["GET"]}}],"collection":[{"href":"https:\/\/ugel04.gob.pe\/home\/wp-json\/wp\/v2\/posts"}],"about":[{"href":"https:\/\/ugel04.gob.pe\/home\/wp-json\/wp\/v2\/types\/post"}],"author":[{"embeddable":true,"href":"https:\/\/ugel04.gob.pe\/home\/wp-json\/wp\/v2\/users\/1"}],"replies":[{"embeddable":true,"href":"https:\/\/ugel04.gob.pe\/home\/wp-json\/wp\/v2\/comments?post=260342"}],"version-history":[{"count":2,"href":"https:\/\/ugel04.gob.pe\/home\/wp-json\/wp\/v2\/posts\/260342\/revisions"}],"predecessor-version":[{"id":260345,"href":"https:\/\/ugel04.gob.pe\/home\/wp-json\/wp\/v2\/posts\/260342\/revisions\/260345"}],"wp:featuredmedia":[{"embeddable":true,"href":"https:\/\/ugel04.gob.pe\/home\/wp-json\/wp\/v2\/media\/260343"}],"wp:attachment":[{"href":"https:\/\/ugel04.gob.pe\/home\/wp-json\/wp\/v2\/media?parent=260342"}],"wp:term":[{"taxonomy":"category","embeddable":true,"href":"https:\/\/ugel04.gob.pe\/home\/wp-json\/wp\/v2\/categories?post=260342"},{"taxonomy":"post_tag","embeddable":true,"href":"https:\/\/ugel04.gob.pe\/home\/wp-json\/wp\/v2\/tags?post=260342"}],"curies":[{"name":"wp","href":"https:\/\/api.w.org\/{rel}","templated":true}]}}