{"id":260329,"date":"2025-09-18T16:43:17","date_gmt":"2025-09-18T21:43:17","guid":{"rendered":"https:\/\/ugel04.gob.pe\/home\/?p=260329"},"modified":"2025-09-18T16:43:25","modified_gmt":"2025-09-18T21:43:25","slug":"innovadores-proyectos-se-exhiben-en-etapa-ugel-de-concurso-nacional-crea-y-emprende-2025","status":"publish","type":"post","link":"https:\/\/ugel04.gob.pe\/home\/innovadores-proyectos-se-exhiben-en-etapa-ugel-de-concurso-nacional-crea-y-emprende-2025\/","title":{"rendered":"INNOVADORES PROYECTOS SE EXHIBEN EN ETAPA UGEL DE CONCURSO NACIONAL CREA Y EMPRENDE 2025"},"content":{"rendered":"<p>[et_pb_section fb_built=\u00bb1&#8243; theme_builder_area=\u00bbpost_content\u00bb _builder_version=\u00bb4.27.4&#8243; _module_preset=\u00bbdefault\u00bb da_is_popup=\u00bboff\u00bb da_exit_intent=\u00bboff\u00bb da_has_close=\u00bbon\u00bb da_alt_close=\u00bboff\u00bb da_dark_close=\u00bboff\u00bb da_not_modal=\u00bbon\u00bb da_is_singular=\u00bboff\u00bb da_with_loader=\u00bboff\u00bb da_has_shadow=\u00bbon\u00bb da_disable_devices=\u00bboff|off|off\u00bb][et_pb_row _builder_version=\u00bb4.27.4&#8243; _module_preset=\u00bbdefault\u00bb theme_builder_area=\u00bbpost_content\u00bb][et_pb_column _builder_version=\u00bb4.27.4&#8243; _module_preset=\u00bbdefault\u00bb type=\u00bb4_4&#8243; theme_builder_area=\u00bbpost_content\u00bb][et_pb_text _builder_version=\u00bb4.27.4&#8243; _module_preset=\u00bbdefault\u00bb theme_builder_area=\u00bbpost_content\u00bb hover_enabled=\u00bb0&#8243; sticky_enabled=\u00bb0&#8243;]<\/p>\n<p>Durante dos d\u00edas, la IE 2100 Juan Velasco Alvarado, de Comas, fue escenario del Concurso Nacional Crea y Emprende 2025 \u2013 Etapa UGEL, que reuni\u00f3 a un gran n\u00famero de estudiantes del nivel secundaria de Educaci\u00f3n B\u00e1sica Regular (EBR) y de Educaci\u00f3n B\u00e1sica Alternativa (EBA) de los cinco distritos de la jurisdicci\u00f3n de la UGEL 04, quienes expusieron sus proyectos elaborados mediante el uso del m\u00e9todo cient\u00edfico en las aulas.<\/p>\n<p>En esta edici\u00f3n, participaron 39 instituciones educativas en la pertenecientes a la Categor\u00eda A (1. \u00b0 y 2. \u00b0 de secundaria EBR), 58 de la Categor\u00eda B (3. \u00b0 a 5. \u00b0 de secundaria EBR) y 6 en la Categor\u00eda C (Ciclo Avanzado de EBA), quienes presentaron proyectos de car\u00e1cter tecnol\u00f3gico, social, ambiental y productivo, reflejando el talento y la capacidad innovadora de la comunidad educativa.<\/p>\n<p>Los equipos, acompa\u00f1ados de sus docentes asesores, expusieron sus propuestas ante un jurado calificador constituido por expertos de entidades aliadas externas, que evalu\u00f3 detalladamente cada iniciativa, a fin de determinar a los ganadores que nos representar\u00e1n en la siguiente fase del concurso, Etapa DRELM.<\/p>\n<p>Durante la ceremonia de inauguraci\u00f3n del concurso, la directora de la UGEL 04, Nelly Cunza, felicit\u00f3 a los docentes y estudiantes por el gran trabajo que vienen demostrando, \u201cestas experiencias pedag\u00f3gicas son muy importantes, porque fortalecen competencias esenciales como la creatividad, la comunicaci\u00f3n y la gesti\u00f3n de proyectos. De esta manera estamos contribuyendo a formar ciudadanos capaces de generar un impacto social y econ\u00f3mico en su entorno\u201d, manifest\u00f3.<\/p>\n<p>El certamen, organizado por el Ministerio de Educaci\u00f3n (Minedu), tiene como prop\u00f3sito promover la creatividad, la innovaci\u00f3n y el desarrollo de habilidades emprendedoras en los estudiantes, impulsando la generaci\u00f3n de productos o servicios que respondan a las necesidades de su comunidad.<\/p>\n<p><span>Cabe resaltar que, en los pr\u00f3ximos d\u00edas estaremos anunciando a los ganadores de la presente Etapa (dos por nivel), quienes representar\u00e1n a la UGEL 04 en la etapa regional del Concurso Nacional Crea y Emprende.<\/span><\/p>\n<p>[\/et_pb_text][\/et_pb_column][\/et_pb_row][\/et_pb_section]<\/p>\n","protected":false},"excerpt":{"rendered":"<p>Durante dos d\u00edas, la IE 2100 Juan Velasco Alvarado, de Comas, fue escenario del Concurso Nacional Crea y Emprende 2025 \u2013 Etapa UGEL, que reuni\u00f3 a un gran n\u00famero de [&hellip;]<\/p>\n","protected":false},"author":1,"featured_media":260330,"comment_status":"open","ping_status":"open","sticky":false,"template":"","format":"standard","meta":{"_et_pb_use_builder":"on","_et_pb_old_content":"","_et_gb_content_width":"1080","footnotes":""},"categories":[10],"tags":[],"class_list":["post-260329","post","type-post","status-publish","format-standard","has-post-thumbnail","hentry","category-noticias"],"_links":{"self":[{"href":"https:\/\/ugel04.gob.pe\/home\/wp-json\/wp\/v2\/posts\/260329","targetHints":{"allow":["GET"]}}],"collection":[{"href":"https:\/\/ugel04.gob.pe\/home\/wp-json\/wp\/v2\/posts"}],"about":[{"href":"https:\/\/ugel04.gob.pe\/home\/wp-json\/wp\/v2\/types\/post"}],"author":[{"embeddable":true,"href":"https:\/\/ugel04.gob.pe\/home\/wp-json\/wp\/v2\/users\/1"}],"replies":[{"embeddable":true,"href":"https:\/\/ugel04.gob.pe\/home\/wp-json\/wp\/v2\/comments?post=260329"}],"version-history":[{"count":2,"href":"https:\/\/ugel04.gob.pe\/home\/wp-json\/wp\/v2\/posts\/260329\/revisions"}],"predecessor-version":[{"id":260332,"href":"https:\/\/ugel04.gob.pe\/home\/wp-json\/wp\/v2\/posts\/260329\/revisions\/260332"}],"wp:featuredmedia":[{"embeddable":true,"href":"https:\/\/ugel04.gob.pe\/home\/wp-json\/wp\/v2\/media\/260330"}],"wp:attachment":[{"href":"https:\/\/ugel04.gob.pe\/home\/wp-json\/wp\/v2\/media?parent=260329"}],"wp:term":[{"taxonomy":"category","embeddable":true,"href":"https:\/\/ugel04.gob.pe\/home\/wp-json\/wp\/v2\/categories?post=260329"},{"taxonomy":"post_tag","embeddable":true,"href":"https:\/\/ugel04.gob.pe\/home\/wp-json\/wp\/v2\/tags?post=260329"}],"curies":[{"name":"wp","href":"https:\/\/api.w.org\/{rel}","templated":true}]}}