{"id":260296,"date":"2025-09-15T12:25:31","date_gmt":"2025-09-15T17:25:31","guid":{"rendered":"https:\/\/ugel04.gob.pe\/home\/?p=260296"},"modified":"2025-09-15T12:25:40","modified_gmt":"2025-09-15T17:25:40","slug":"minedu-y-ugel-04-coordinan-acciones-para-proxima-enla-2025","status":"publish","type":"post","link":"https:\/\/ugel04.gob.pe\/home\/minedu-y-ugel-04-coordinan-acciones-para-proxima-enla-2025\/","title":{"rendered":"MINEDU Y UGEL 04 COORDINAN ACCIONES PARA PR\u00d3XIMA ENLA 2025"},"content":{"rendered":"<p>[et_pb_section fb_built=\u00bb1&#8243; theme_builder_area=\u00bbpost_content\u00bb _builder_version=\u00bb4.27.4&#8243; _module_preset=\u00bbdefault\u00bb da_is_popup=\u00bboff\u00bb da_exit_intent=\u00bboff\u00bb da_has_close=\u00bbon\u00bb da_alt_close=\u00bboff\u00bb da_dark_close=\u00bboff\u00bb da_not_modal=\u00bbon\u00bb da_is_singular=\u00bboff\u00bb da_with_loader=\u00bboff\u00bb da_has_shadow=\u00bbon\u00bb da_disable_devices=\u00bboff|off|off\u00bb][et_pb_row _builder_version=\u00bb4.27.4&#8243; _module_preset=\u00bbdefault\u00bb theme_builder_area=\u00bbpost_content\u00bb][et_pb_column _builder_version=\u00bb4.27.4&#8243; _module_preset=\u00bbdefault\u00bb type=\u00bb4_4&#8243; theme_builder_area=\u00bbpost_content\u00bb][et_pb_text _builder_version=\u00bb4.27.4&#8243; _module_preset=\u00bbdefault\u00bb theme_builder_area=\u00bbpost_content\u00bb hover_enabled=\u00bb0&#8243; sticky_enabled=\u00bb0&#8243;]<\/p>\n<p>La directora de la UGEL 04, Nelly Cunza Pr\u00edncipe, junto con los especialistas de AGEBRE, sostuvo una reuni\u00f3n con representantes del Ministerio de Educaci\u00f3n (MINEDU) con el prop\u00f3sito de coordinar e informar sobre las actividades programadas en torno a la Evaluaci\u00f3n Nacional de Logros de Aprendizaje (ENLA) 2025.<\/p>\n<p>La reuni\u00f3n realizada en la sala del COE de la sede principal de nuestra entidad, tuvo como objetivo fortalecer el trabajo articulado entre los niveles local y nacional para asegurar una implementaci\u00f3n eficaz del proceso evaluativo.<\/p>\n<p>La ENLA 2025 busca conocer la situaci\u00f3n de los aprendizajes de los estudiantes a nivel nacional, mediante la aplicaci\u00f3n de pruebas y cuestionarios dirigidos a estudiantes, docentes y directores. Los resultados permitir\u00e1n identificar avances y desaf\u00edos, con miras a mejorar la calidad del servicio educativo.<\/p>\n<p>La aplicaci\u00f3n de esta evaluaci\u00f3n est\u00e1 programada para los d\u00edas 11 y 12 de noviembre en el nivel primaria, y los d\u00edas 11, 12 y 13 de noviembre en el nivel secundaria.<\/p>\n<p>Durante el transcurso de los d\u00edas, seguiremos informando sobre el desarrollo de la ENLA 2025 a trav\u00e9s de nuestro Facebook institucional de la UGEL 04.<\/p>\n<p>[\/et_pb_text][\/et_pb_column][\/et_pb_row][\/et_pb_section]<\/p>\n","protected":false},"excerpt":{"rendered":"<p>La directora de la UGEL 04, Nelly Cunza Pr\u00edncipe, junto con los especialistas de AGEBRE, sostuvo una reuni\u00f3n con representantes del Ministerio de Educaci\u00f3n (MINEDU) con el prop\u00f3sito de coordinar [&hellip;]<\/p>\n","protected":false},"author":1,"featured_media":260297,"comment_status":"open","ping_status":"open","sticky":false,"template":"","format":"standard","meta":{"_et_pb_use_builder":"on","_et_pb_old_content":"","_et_gb_content_width":"1080","footnotes":""},"categories":[10],"tags":[],"class_list":["post-260296","post","type-post","status-publish","format-standard","has-post-thumbnail","hentry","category-noticias"],"_links":{"self":[{"href":"https:\/\/ugel04.gob.pe\/home\/wp-json\/wp\/v2\/posts\/260296","targetHints":{"allow":["GET"]}}],"collection":[{"href":"https:\/\/ugel04.gob.pe\/home\/wp-json\/wp\/v2\/posts"}],"about":[{"href":"https:\/\/ugel04.gob.pe\/home\/wp-json\/wp\/v2\/types\/post"}],"author":[{"embeddable":true,"href":"https:\/\/ugel04.gob.pe\/home\/wp-json\/wp\/v2\/users\/1"}],"replies":[{"embeddable":true,"href":"https:\/\/ugel04.gob.pe\/home\/wp-json\/wp\/v2\/comments?post=260296"}],"version-history":[{"count":2,"href":"https:\/\/ugel04.gob.pe\/home\/wp-json\/wp\/v2\/posts\/260296\/revisions"}],"predecessor-version":[{"id":260299,"href":"https:\/\/ugel04.gob.pe\/home\/wp-json\/wp\/v2\/posts\/260296\/revisions\/260299"}],"wp:featuredmedia":[{"embeddable":true,"href":"https:\/\/ugel04.gob.pe\/home\/wp-json\/wp\/v2\/media\/260297"}],"wp:attachment":[{"href":"https:\/\/ugel04.gob.pe\/home\/wp-json\/wp\/v2\/media?parent=260296"}],"wp:term":[{"taxonomy":"category","embeddable":true,"href":"https:\/\/ugel04.gob.pe\/home\/wp-json\/wp\/v2\/categories?post=260296"},{"taxonomy":"post_tag","embeddable":true,"href":"https:\/\/ugel04.gob.pe\/home\/wp-json\/wp\/v2\/tags?post=260296"}],"curies":[{"name":"wp","href":"https:\/\/api.w.org\/{rel}","templated":true}]}}