{"id":260268,"date":"2025-09-09T12:25:07","date_gmt":"2025-09-09T17:25:07","guid":{"rendered":"https:\/\/ugel04.gob.pe\/home\/?p=260268"},"modified":"2025-09-09T12:25:08","modified_gmt":"2025-09-09T17:25:08","slug":"ugel-04-conmemoro-dia-internacional-de-la-alfabetizacion-junto-al-programa-de-adultos-mayores","status":"publish","type":"post","link":"https:\/\/ugel04.gob.pe\/home\/ugel-04-conmemoro-dia-internacional-de-la-alfabetizacion-junto-al-programa-de-adultos-mayores\/","title":{"rendered":"UGEL 04 conmemor\u00f3 D\u00eda Internacional de la Alfabetizaci\u00f3n junto al Programa de Adultos Mayores"},"content":{"rendered":"<p>[et_pb_section fb_built=\u00bb1&#8243; theme_builder_area=\u00bbpost_content\u00bb _builder_version=\u00bb4.27.4&#8243; _module_preset=\u00bbdefault\u00bb da_is_popup=\u00bboff\u00bb da_exit_intent=\u00bboff\u00bb da_has_close=\u00bbon\u00bb da_alt_close=\u00bboff\u00bb da_dark_close=\u00bboff\u00bb da_not_modal=\u00bbon\u00bb da_is_singular=\u00bboff\u00bb da_with_loader=\u00bboff\u00bb da_has_shadow=\u00bbon\u00bb da_disable_devices=\u00bboff|off|off\u00bb][et_pb_row _builder_version=\u00bb4.27.4&#8243; _module_preset=\u00bbdefault\u00bb theme_builder_area=\u00bbpost_content\u00bb][et_pb_column _builder_version=\u00bb4.27.4&#8243; _module_preset=\u00bbdefault\u00bb type=\u00bb4_4&#8243; theme_builder_area=\u00bbpost_content\u00bb][et_pb_text _builder_version=\u00bb4.27.4&#8243; _module_preset=\u00bbdefault\u00bb theme_builder_area=\u00bbpost_content\u00bb hover_enabled=\u00bb0&#8243; sticky_enabled=\u00bb0&#8243; custom_margin=\u00bb-41px|||||\u00bb]<\/p>\n<div dir=\"auto\" style=\"text-align: justify;\"><strong>Con motivo del D\u00eda Internacional de la Alfabetizaci\u00f3n, l<span class=\"html-span xdj266r x14z9mp xat24cr x1lziwak xexx8yu xyri2b x18d9i69 x1c1uobl x1hl2dhg x16tdsg8 x1vvkbs\"><a class=\"html-a xdj266r x14z9mp xat24cr x1lziwak xexx8yu xyri2b x18d9i69 x1c1uobl x1hl2dhg x16tdsg8 x1vvkbs\" tabindex=\"-1\"><\/a><\/span>a UGEL 04 y el Programa de Adultos Mayores (PAM) celebraron una jornada especial en las instalaciones del Parque Zonal Manco C\u00e1pac de Carabayllo. La actividad busc\u00f3 reconocer el esfuerzo de las personas adultas que contin\u00faan fortaleciendo sus aprendizajes y poner en valor la alfabetizaci\u00f3n como un derecho fundamental que impulsa la inclusi\u00f3n y la participaci\u00f3n ciudadana.<\/strong><\/div>\n<div dir=\"auto\" style=\"text-align: justify;\">Durante la celebraci\u00f3n, los participantes realizaron n\u00fameros art\u00edsticos que reflejaron c\u00f3mo la educaci\u00f3n abre nuevas oportunidades para su desarrollo personal y comunitario.<\/div>\n<div dir=\"auto\" style=\"text-align: justify;\">De esta manera, la UGEL 04 reafirma su compromiso de seguir promoviendo espacios de aprendizaje a lo largo de toda la vida, contribuyendo al bienestar y la dignidad de la poblaci\u00f3n adulta mayor.<\/div>\n<p>[\/et_pb_text][\/et_pb_column][\/et_pb_row][\/et_pb_section]<\/p>\n","protected":false},"excerpt":{"rendered":"<p>Con motivo del D\u00eda Internacional de la Alfabetizaci\u00f3n, la UGEL 04 y el Programa de Adultos Mayores (PAM) celebraron una jornada especial en las instalaciones del Parque Zonal Manco C\u00e1pac [&hellip;]<\/p>\n","protected":false},"author":1,"featured_media":260269,"comment_status":"closed","ping_status":"open","sticky":false,"template":"","format":"standard","meta":{"_et_pb_use_builder":"on","_et_pb_old_content":"","_et_gb_content_width":"1080","footnotes":""},"categories":[10],"tags":[],"class_list":["post-260268","post","type-post","status-publish","format-standard","has-post-thumbnail","hentry","category-noticias"],"_links":{"self":[{"href":"https:\/\/ugel04.gob.pe\/home\/wp-json\/wp\/v2\/posts\/260268","targetHints":{"allow":["GET"]}}],"collection":[{"href":"https:\/\/ugel04.gob.pe\/home\/wp-json\/wp\/v2\/posts"}],"about":[{"href":"https:\/\/ugel04.gob.pe\/home\/wp-json\/wp\/v2\/types\/post"}],"author":[{"embeddable":true,"href":"https:\/\/ugel04.gob.pe\/home\/wp-json\/wp\/v2\/users\/1"}],"replies":[{"embeddable":true,"href":"https:\/\/ugel04.gob.pe\/home\/wp-json\/wp\/v2\/comments?post=260268"}],"version-history":[{"count":2,"href":"https:\/\/ugel04.gob.pe\/home\/wp-json\/wp\/v2\/posts\/260268\/revisions"}],"predecessor-version":[{"id":260271,"href":"https:\/\/ugel04.gob.pe\/home\/wp-json\/wp\/v2\/posts\/260268\/revisions\/260271"}],"wp:featuredmedia":[{"embeddable":true,"href":"https:\/\/ugel04.gob.pe\/home\/wp-json\/wp\/v2\/media\/260269"}],"wp:attachment":[{"href":"https:\/\/ugel04.gob.pe\/home\/wp-json\/wp\/v2\/media?parent=260268"}],"wp:term":[{"taxonomy":"category","embeddable":true,"href":"https:\/\/ugel04.gob.pe\/home\/wp-json\/wp\/v2\/categories?post=260268"},{"taxonomy":"post_tag","embeddable":true,"href":"https:\/\/ugel04.gob.pe\/home\/wp-json\/wp\/v2\/tags?post=260268"}],"curies":[{"name":"wp","href":"https:\/\/api.w.org\/{rel}","templated":true}]}}