{"id":260249,"date":"2025-09-04T12:12:22","date_gmt":"2025-09-04T17:12:22","guid":{"rendered":"https:\/\/ugel04.gob.pe\/home\/?p=260249"},"modified":"2025-09-04T12:13:08","modified_gmt":"2025-09-04T17:13:08","slug":"especialistas-de-ugel-04-participan-en-asistencia-tecnica-sobrel-uso-de-rubricas-de-observacion-en-aula","status":"publish","type":"post","link":"https:\/\/ugel04.gob.pe\/home\/especialistas-de-ugel-04-participan-en-asistencia-tecnica-sobrel-uso-de-rubricas-de-observacion-en-aula\/","title":{"rendered":"ESPECIALISTAS DE UGEL 04 PARTICIPAN EN ASISTENCIA T\u00c9CNICA SOBRE USO DE R\u00daBRICAS DE OBSERVACI\u00d3N EN AULA"},"content":{"rendered":"\n[et_pb_section fb_built=\u00bb1&#8243; theme_builder_area=\u00bbpost_content\u00bb _builder_version=\u00bb4.27.4&#8243; _module_preset=\u00bbdefault\u00bb da_is_popup=\u00bboff\u00bb da_exit_intent=\u00bboff\u00bb da_has_close=\u00bbon\u00bb da_alt_close=\u00bboff\u00bb da_dark_close=\u00bboff\u00bb da_not_modal=\u00bbon\u00bb da_is_singular=\u00bboff\u00bb da_with_loader=\u00bboff\u00bb da_has_shadow=\u00bbon\u00bb da_disable_devices=\u00bboff|off|off\u00bb][et_pb_row _builder_version=\u00bb4.27.4&#8243; _module_preset=\u00bbdefault\u00bb theme_builder_area=\u00bbpost_content\u00bb][et_pb_column _builder_version=\u00bb4.27.4&#8243; _module_preset=\u00bbdefault\u00bb type=\u00bb4_4&#8243; theme_builder_area=\u00bbpost_content\u00bb][et_pb_text _builder_version=\u00bb4.27.4&#8243; _module_preset=\u00bbdefault\u00bb theme_builder_area=\u00bbpost_content\u00bb hover_enabled=\u00bb0&#8243; sticky_enabled=\u00bb0&#8243;]<p><strong>En el marco del fortalecimiento de capacidades para el acompa\u00f1amiento pedag\u00f3gico, directivos y especialistas de la UGEL 04 participaron en una asistencia t\u00e9cnica organizada por la Direcci\u00f3n de Evaluaci\u00f3n Docente (DIED) del MINEDU, centrada en el uso adecuado de las R\u00fabricas de Observaci\u00f3n de Aula, dicha actividad busca fortalecer las competencias profesionales del equipo, prepar\u00e1ndolos para brindar orientaci\u00f3n efectiva a los directivos de las instituciones educativas de la jurisdicci\u00f3n durante la pr\u00f3xima semana.<\/strong><\/p>\n<p data-start=\"858\" data-end=\"1119\">La capacitaci\u00f3n tiene como objetivo principal promover una aplicaci\u00f3n pertinente de las r\u00fabricas, mejorando as\u00ed los procesos de observaci\u00f3n de la pr\u00e1ctica pedag\u00f3gica en aula, lo que contribuye directamente a la mejora de los aprendizajes de los estudiantes.<\/p>\n<p data-start=\"1121\" data-end=\"1406\">La jornada formativa se est\u00e1 llevando a cabo en las instalaciones de la Instituci\u00f3n Educativa N.\u00ba 2100 Juan Velasco Alvarado, en el distrito de San Mart\u00edn de Porres, y se desarrolla durante cinco d\u00edas consecutivos, de lunes a viernes, en el horario de 8:00 a.m. a 5:00 p.m.<\/p>[\/et_pb_text][\/et_pb_column][\/et_pb_row][\/et_pb_section]\n","protected":false},"excerpt":{"rendered":"<p>En el marco del fortalecimiento de capacidades para el acompa\u00f1amiento pedag\u00f3gico, directivos y especialistas de la UGEL 04 participaron en una asistencia t\u00e9cnica organizada por la Direcci\u00f3n de Evaluaci\u00f3n Docente [&hellip;]<\/p>\n","protected":false},"author":1,"featured_media":260250,"comment_status":"closed","ping_status":"closed","sticky":false,"template":"","format":"standard","meta":{"_et_pb_use_builder":"on","_et_pb_old_content":"","_et_gb_content_width":"","footnotes":""},"categories":[10],"tags":[],"class_list":["post-260249","post","type-post","status-publish","format-standard","has-post-thumbnail","hentry","category-noticias"],"_links":{"self":[{"href":"https:\/\/ugel04.gob.pe\/home\/wp-json\/wp\/v2\/posts\/260249","targetHints":{"allow":["GET"]}}],"collection":[{"href":"https:\/\/ugel04.gob.pe\/home\/wp-json\/wp\/v2\/posts"}],"about":[{"href":"https:\/\/ugel04.gob.pe\/home\/wp-json\/wp\/v2\/types\/post"}],"author":[{"embeddable":true,"href":"https:\/\/ugel04.gob.pe\/home\/wp-json\/wp\/v2\/users\/1"}],"replies":[{"embeddable":true,"href":"https:\/\/ugel04.gob.pe\/home\/wp-json\/wp\/v2\/comments?post=260249"}],"version-history":[{"count":3,"href":"https:\/\/ugel04.gob.pe\/home\/wp-json\/wp\/v2\/posts\/260249\/revisions"}],"predecessor-version":[{"id":260253,"href":"https:\/\/ugel04.gob.pe\/home\/wp-json\/wp\/v2\/posts\/260249\/revisions\/260253"}],"wp:featuredmedia":[{"embeddable":true,"href":"https:\/\/ugel04.gob.pe\/home\/wp-json\/wp\/v2\/media\/260250"}],"wp:attachment":[{"href":"https:\/\/ugel04.gob.pe\/home\/wp-json\/wp\/v2\/media?parent=260249"}],"wp:term":[{"taxonomy":"category","embeddable":true,"href":"https:\/\/ugel04.gob.pe\/home\/wp-json\/wp\/v2\/categories?post=260249"},{"taxonomy":"post_tag","embeddable":true,"href":"https:\/\/ugel04.gob.pe\/home\/wp-json\/wp\/v2\/tags?post=260249"}],"curies":[{"name":"wp","href":"https:\/\/api.w.org\/{rel}","templated":true}]}}