{"id":260241,"date":"2025-09-03T08:49:59","date_gmt":"2025-09-03T13:49:59","guid":{"rendered":"https:\/\/ugel04.gob.pe\/home\/?p=260241"},"modified":"2025-09-03T08:50:11","modified_gmt":"2025-09-03T13:50:11","slug":"minedu-otorgara-palmas-magisteriales-a-24-profesionales-que-transforman-la-educacion-del-peru","status":"publish","type":"post","link":"https:\/\/ugel04.gob.pe\/home\/minedu-otorgara-palmas-magisteriales-a-24-profesionales-que-transforman-la-educacion-del-peru\/","title":{"rendered":"MINEDU OTORGAR\u00c1 PALMAS MAGISTERIALES A 24 PROFESIONALES QUE TRANSFORMAN LA EDUCACI\u00d3N DEL PER\u00da"},"content":{"rendered":"<p>[et_pb_section fb_built=\u00bb1&#8243; theme_builder_area=\u00bbpost_content\u00bb _builder_version=\u00bb4.27.4&#8243; _module_preset=\u00bbdefault\u00bb da_is_popup=\u00bboff\u00bb da_exit_intent=\u00bboff\u00bb da_has_close=\u00bbon\u00bb da_alt_close=\u00bboff\u00bb da_dark_close=\u00bboff\u00bb da_not_modal=\u00bbon\u00bb da_is_singular=\u00bboff\u00bb da_with_loader=\u00bboff\u00bb da_has_shadow=\u00bbon\u00bb da_disable_devices=\u00bboff|off|off\u00bb][et_pb_row _builder_version=\u00bb4.27.4&#8243; _module_preset=\u00bbdefault\u00bb theme_builder_area=\u00bbpost_content\u00bb][et_pb_column _builder_version=\u00bb4.27.4&#8243; _module_preset=\u00bbdefault\u00bb type=\u00bb4_4&#8243; theme_builder_area=\u00bbpost_content\u00bb][et_pb_text _builder_version=\u00bb4.27.4&#8243; _module_preset=\u00bbdefault\u00bb theme_builder_area=\u00bbpost_content\u00bb hover_enabled=\u00bb0&#8243; sticky_enabled=\u00bb0&#8243;]<\/p>\n<p>El Ministerio de Educaci\u00f3n (Minedu), entregar\u00e1 en setiembre las Palmas Magisteriales 2024 a 24 profesionales del sector que, con su talento y compromiso, han transformado la vida de miles de estudiantes y han dejado huella en la educaci\u00f3n peruana.<\/p>\n<p>Se trata de la m\u00e1s alta distinci\u00f3n honor\u00edfica que otorga el Estado, desde 1949, a quienes contribuyen, con su trayectoria, a la construcci\u00f3n de un pa\u00eds m\u00e1s justo y con m\u00e1s oportunidades.<\/p>\n<p>En esta edici\u00f3n, se reconocen aportes extraordinarios en tres categor\u00edas: Amauta, que distingue impactos trascendentales en los \u00e1mbitos nacional e internacional; Maestro, que premia contribuciones significativas en innovaci\u00f3n, investigaci\u00f3n y desarrollo educativo, y Educador, que resalta la labor diaria y ejemplar de docentes en las aulas y en la gesti\u00f3n educativa.<\/p>\n<p>La selecci\u00f3n de los galardonados fue rigurosa y transparente: empez\u00f3 con la evaluaci\u00f3n en cada regi\u00f3n, continu\u00f3 con una comisi\u00f3n ministerial y culmin\u00f3 con el Consejo de la Orden, presidido por el ministro de Educaci\u00f3n, Morgan Quero, e integrado por destacadas personalidades del sector.<\/p>\n<p>El ministro de Educaci\u00f3n destac\u00f3 que este reconocimiento no solo honra trayectorias individuales, sino que refleja un compromiso colectivo: \u201cLas Palmas Magisteriales son un homenaje al esfuerzo, la vocaci\u00f3n y la entrega de quienes, d\u00eda a d\u00eda, hacen posible que nuestros ni\u00f1os y j\u00f3venes aprendan y sue\u00f1en con un futuro mejor\u201d, afirm\u00f3 el titular del sector Educaci\u00f3n.<\/p>\n<p>Asimismo, subray\u00f3 que esta ceremonia simboliza la misi\u00f3n del sector Educaci\u00f3n: \u201cNuestros maestros son pilares del sistema educativo y agentes de transformaci\u00f3n social. Su capacidad y dedicaci\u00f3n nos inspiran y nos comprometen a seguir trabajando por la revaloraci\u00f3n del magisterio en todo el pa\u00eds\u201d.<\/p>\n<p>Adem\u00e1s del reconocimiento p\u00fablico, los galardonados recibir\u00e1n resoluciones ministeriales, diploma, medalla honor\u00edfica y beneficios econ\u00f3micos, en funci\u00f3n de cada categor\u00eda.<\/p>\n<p>En esta edici\u00f3n tambi\u00e9n se rendir\u00e1 un homenaje especial a la trayectoria de una personalidad cuyo legado pedag\u00f3gico, declarado Patrimonio Cultural de la Naci\u00f3n, ha acompa\u00f1ado el aprendizaje de generaciones enteras y contin\u00faa inspirando a ni\u00f1as y ni\u00f1os en toda Am\u00e9rica Latina.<\/p>\n<p>Las Palmas Magisteriales han distinguido, a lo largo de su historia, a grandes peruanos, como Julio C. Tello, Ra\u00fal Porras Barrenechea, Jorge Basadre, Honorio Delgado, Jos\u00e9 Mar\u00eda Arguedas, Julio Ram\u00f3n Ribeyro, Mar\u00eda Reiche y Mar\u00eda Rostworowski, consolid\u00e1ndose como un s\u00edmbolo de excelencia, vocaci\u00f3n y compromiso con el Per\u00fa.<\/p>\n<p>[\/et_pb_text][\/et_pb_column][\/et_pb_row][\/et_pb_section]<\/p>\n","protected":false},"excerpt":{"rendered":"<p>El Ministerio de Educaci\u00f3n (Minedu), entregar\u00e1 en setiembre las Palmas Magisteriales 2024 a 24 profesionales del sector que, con su talento y compromiso, han transformado la vida de miles de [&hellip;]<\/p>\n","protected":false},"author":1,"featured_media":260240,"comment_status":"open","ping_status":"open","sticky":false,"template":"","format":"standard","meta":{"_et_pb_use_builder":"on","_et_pb_old_content":"","_et_gb_content_width":"1080","footnotes":""},"categories":[10],"tags":[],"class_list":["post-260241","post","type-post","status-publish","format-standard","has-post-thumbnail","hentry","category-noticias"],"_links":{"self":[{"href":"https:\/\/ugel04.gob.pe\/home\/wp-json\/wp\/v2\/posts\/260241","targetHints":{"allow":["GET"]}}],"collection":[{"href":"https:\/\/ugel04.gob.pe\/home\/wp-json\/wp\/v2\/posts"}],"about":[{"href":"https:\/\/ugel04.gob.pe\/home\/wp-json\/wp\/v2\/types\/post"}],"author":[{"embeddable":true,"href":"https:\/\/ugel04.gob.pe\/home\/wp-json\/wp\/v2\/users\/1"}],"replies":[{"embeddable":true,"href":"https:\/\/ugel04.gob.pe\/home\/wp-json\/wp\/v2\/comments?post=260241"}],"version-history":[{"count":2,"href":"https:\/\/ugel04.gob.pe\/home\/wp-json\/wp\/v2\/posts\/260241\/revisions"}],"predecessor-version":[{"id":260243,"href":"https:\/\/ugel04.gob.pe\/home\/wp-json\/wp\/v2\/posts\/260241\/revisions\/260243"}],"wp:featuredmedia":[{"embeddable":true,"href":"https:\/\/ugel04.gob.pe\/home\/wp-json\/wp\/v2\/media\/260240"}],"wp:attachment":[{"href":"https:\/\/ugel04.gob.pe\/home\/wp-json\/wp\/v2\/media?parent=260241"}],"wp:term":[{"taxonomy":"category","embeddable":true,"href":"https:\/\/ugel04.gob.pe\/home\/wp-json\/wp\/v2\/categories?post=260241"},{"taxonomy":"post_tag","embeddable":true,"href":"https:\/\/ugel04.gob.pe\/home\/wp-json\/wp\/v2\/tags?post=260241"}],"curies":[{"name":"wp","href":"https:\/\/api.w.org\/{rel}","templated":true}]}}