{"id":260219,"date":"2025-08-29T16:56:12","date_gmt":"2025-08-29T21:56:12","guid":{"rendered":"https:\/\/ugel04.gob.pe\/home\/?p=260219"},"modified":"2025-08-29T17:02:12","modified_gmt":"2025-08-29T22:02:12","slug":"mas-de-900-estudiantes-del-cetpro-juana-iris-cuadros-rivera-recibieron-certificacion-oficial-de-auxiliar-tecnico-y-tecnico","status":"publish","type":"post","link":"https:\/\/ugel04.gob.pe\/home\/mas-de-900-estudiantes-del-cetpro-juana-iris-cuadros-rivera-recibieron-certificacion-oficial-de-auxiliar-tecnico-y-tecnico\/","title":{"rendered":"M\u00e1s de 900 estudiantes del CETPRO Juana Iris Cuadros Rivera recibieron certificaci\u00f3n oficial de auxiliar t\u00e9cnico y t\u00e9cnico"},"content":{"rendered":"<p>[et_pb_section fb_built=\u00bb1&#8243; _builder_version=\u00bb4.27.4&#8243; _module_preset=\u00bbdefault\u00bb da_disable_devices=\u00bboff|off|off\u00bb global_colors_info=\u00bb{}\u00bb da_is_popup=\u00bboff\u00bb da_exit_intent=\u00bboff\u00bb da_has_close=\u00bbon\u00bb da_alt_close=\u00bboff\u00bb da_dark_close=\u00bboff\u00bb da_not_modal=\u00bbon\u00bb da_is_singular=\u00bboff\u00bb da_with_loader=\u00bboff\u00bb da_has_shadow=\u00bbon\u00bb][et_pb_row _builder_version=\u00bb4.27.4&#8243; _module_preset=\u00bbdefault\u00bb global_colors_info=\u00bb{}\u00bb][et_pb_column type=\u00bb4_4&#8243; _builder_version=\u00bb4.27.4&#8243; _module_preset=\u00bbdefault\u00bb global_colors_info=\u00bb{}\u00bb][et_pb_text _builder_version=\u00bb4.27.4&#8243; _module_preset=\u00bbdefault\u00bb global_colors_info=\u00bb{}\u00bb]<\/p>\n<p><strong>..Con gran entusiasmo, el CETPRO Juana Iris Cuadros Rivera de Puente Piedra realiz\u00f3 la entrega de certificados de m\u00f3dulos de auxiliar t\u00e9cnico y t\u00e9cnico a nombre de la Naci\u00f3n, en reconocimiento a las competencias de m\u00e1s de 900 estudiantes de diferentes programas de estudio quienes culminaron satisfactoriamente su formaci\u00f3n y recibieron este importante respaldo oficial que les permitir\u00e1 ampliar sus oportunidades laborales y continuar su desarrollo personal y profesional.<\/strong><\/p>\n<p>La ceremonia cont\u00f3 con la participaci\u00f3n del jefe de AGEBATP, Roberto Zevallos, quien en representaci\u00f3n de la UGEL 04 acompa\u00f1\u00f3 este significativo acto junto a un especialista del \u00e1rea, adem\u00e1s de docentes y estudiantes.<\/p>\n<p>En esta oportunidad, se certificaron competencias en diversas especialidades de los ciclos de Auxiliar T\u00e9cnico y T\u00e9cnico, entre las que destacan:<\/p>\n<p><strong>* Ciclo Auxiliar T\u00e9cnico:<\/strong><\/p>\n<p>\u00a0\u2013 Panader\u00eda y pasteler\u00eda<\/p>\n<p>\u00a0\u2013 Asistencia en Contabilidad<\/p>\n<p><strong>* Ciclo T\u00e9cnico:<\/strong><\/p>\n<p>\u2013 Fabricaci\u00f3n de prendas de vestir.<\/p>\n<p>\u2013 Procesos en almac\u00e9n.<\/p>\n<p>\u2013 Plataformas y servicios de tecnolog\u00eda de la formaci\u00f3n (Computaci\u00f3n e inform\u00e1tica).<\/p>\n<p>\u2013 Mantenimiento de sistemas el\u00e9ctricos.<\/p>\n<p>\u2013 Patronaje.<\/p>\n<p>\u2013 Estilismo.<\/p>\n<p>\u2013 Cocina.<\/p>\n<p>&#8211; Mantenimiento de sistemas el\u00e9ctricos.<\/p>\n<p>&#8211; Mantenimiento de sistemas electr\u00f3nicos.<\/p>\n<p>De esta manera, la UGEL 04 reafirma su compromiso de impulsar una educaci\u00f3n t\u00e9cnica de calidad en la jurisdicci\u00f3n, contribuyendo al fortalecimiento de habilidades que promuevan la empleabilidad, el emprendimiento y el bienestar de los j\u00f3venes y adultos que apuestan por una formaci\u00f3n continua.<\/p>\n<p>[\/et_pb_text][\/et_pb_column][\/et_pb_row][\/et_pb_section]<\/p>\n","protected":false},"excerpt":{"rendered":"<p>..Con gran entusiasmo, el CETPRO Juana Iris Cuadros Rivera de Puente Piedra realiz\u00f3 la entrega de certificados de m\u00f3dulos de auxiliar t\u00e9cnico y t\u00e9cnico a nombre de la Naci\u00f3n, en [&hellip;]<\/p>\n","protected":false},"author":1,"featured_media":260220,"comment_status":"closed","ping_status":"open","sticky":false,"template":"","format":"standard","meta":{"_et_pb_use_builder":"on","_et_pb_old_content":"","_et_gb_content_width":"1080","footnotes":""},"categories":[10],"tags":[],"class_list":["post-260219","post","type-post","status-publish","format-standard","has-post-thumbnail","hentry","category-noticias"],"_links":{"self":[{"href":"https:\/\/ugel04.gob.pe\/home\/wp-json\/wp\/v2\/posts\/260219","targetHints":{"allow":["GET"]}}],"collection":[{"href":"https:\/\/ugel04.gob.pe\/home\/wp-json\/wp\/v2\/posts"}],"about":[{"href":"https:\/\/ugel04.gob.pe\/home\/wp-json\/wp\/v2\/types\/post"}],"author":[{"embeddable":true,"href":"https:\/\/ugel04.gob.pe\/home\/wp-json\/wp\/v2\/users\/1"}],"replies":[{"embeddable":true,"href":"https:\/\/ugel04.gob.pe\/home\/wp-json\/wp\/v2\/comments?post=260219"}],"version-history":[{"count":4,"href":"https:\/\/ugel04.gob.pe\/home\/wp-json\/wp\/v2\/posts\/260219\/revisions"}],"predecessor-version":[{"id":260224,"href":"https:\/\/ugel04.gob.pe\/home\/wp-json\/wp\/v2\/posts\/260219\/revisions\/260224"}],"wp:featuredmedia":[{"embeddable":true,"href":"https:\/\/ugel04.gob.pe\/home\/wp-json\/wp\/v2\/media\/260220"}],"wp:attachment":[{"href":"https:\/\/ugel04.gob.pe\/home\/wp-json\/wp\/v2\/media?parent=260219"}],"wp:term":[{"taxonomy":"category","embeddable":true,"href":"https:\/\/ugel04.gob.pe\/home\/wp-json\/wp\/v2\/categories?post=260219"},{"taxonomy":"post_tag","embeddable":true,"href":"https:\/\/ugel04.gob.pe\/home\/wp-json\/wp\/v2\/tags?post=260219"}],"curies":[{"name":"wp","href":"https:\/\/api.w.org\/{rel}","templated":true}]}}