{"id":260212,"date":"2025-08-29T09:14:55","date_gmt":"2025-08-29T14:14:55","guid":{"rendered":"https:\/\/ugel04.gob.pe\/home\/?p=260212"},"modified":"2025-09-01T08:36:40","modified_gmt":"2025-09-01T13:36:40","slug":"ugel-04-felicita-a-la-ie-2040-republica-de-cuba-por-coronarse-campeones-en-futsal-categoria-b-varones","status":"publish","type":"post","link":"https:\/\/ugel04.gob.pe\/home\/ugel-04-felicita-a-la-ie-2040-republica-de-cuba-por-coronarse-campeones-en-futsal-categoria-b-varones\/","title":{"rendered":"EQUIPO DE FUTSAL DE IE 2040 REP\u00daBLICA DE CUBA SE CORONA CAMPE\u00d3N REGIONAL EN JEDP"},"content":{"rendered":"\n[et_pb_section fb_built=\u00bb1&#8243; _builder_version=\u00bb4.27.4&#8243; _module_preset=\u00bbdefault\u00bb da_disable_devices=\u00bboff|off|off\u00bb global_colors_info=\u00bb{}\u00bb da_is_popup=\u00bboff\u00bb da_exit_intent=\u00bboff\u00bb da_has_close=\u00bbon\u00bb da_alt_close=\u00bboff\u00bb da_dark_close=\u00bboff\u00bb da_not_modal=\u00bbon\u00bb da_is_singular=\u00bboff\u00bb da_with_loader=\u00bboff\u00bb da_has_shadow=\u00bbon\u00bb][et_pb_row _builder_version=\u00bb4.27.4&#8243; _module_preset=\u00bbdefault\u00bb global_colors_info=\u00bb{}\u00bb][et_pb_column type=\u00bb4_4&#8243; _builder_version=\u00bb4.27.4&#8243; _module_preset=\u00bbdefault\u00bb global_colors_info=\u00bb{}\u00bb][et_pb_text _builder_version=\u00bb4.27.4&#8243; _module_preset=\u00bbdefault\u00bb hover_enabled=\u00bb0&#8243; global_colors_info=\u00bb{}\u00bb sticky_enabled=\u00bb0&#8243;]<p><strong>La UGEL 04 hace llegar su reconocimiento y felicitaci\u00f3n a los estudiantes, directivos y plana docente de la Instituci\u00f3n Educativa 2040 Rep\u00fablica de Cuba, del distrito de Comas, por coronarse campeones en la disciplina de Futsal \u2013 Categor\u00eda B (varones), en la etapa regional\u00a0 de los Juegos Escolares Deportivos y Paradeportivos 2025, competencia que re\u00fane a escolares de instituciones p\u00fablicas y privadas de todo el pa\u00eds.<\/strong><\/p>\n<p><span>La emocionante final se disput\u00f3 en la Villa Deportiva Nacional (VIDENA) del IPD, donde el equipo de nuestra jurisdicci\u00f3n enfrent\u00f3 al colegio Peruano Japon\u00e9s de Pueblo Libre, representante de la UGEL 03. El primer tiempo finaliz\u00f3 con un marcador adverso de 2 a 1\u00a0 sin embargo, en el segundo tiempo, nuestros estudiantes demostraron entrega, coraje y gran nivel de juego, logrando remontar el marcador por 4 a 3, incluso jugando con un jugador menos tras una expulsi\u00f3n por doble amarilla.<\/span><\/p>\n<p><span>Bajo la direcci\u00f3n t\u00e9cnica del profesor Sergio Delgado, y con el constante aliento de docentes, estudiantes y padres de familia, los valientes jugadores de la IE 2040 dejaron todo en la cancha, mostrando no solo habilidades deportivas, sino tambi\u00e9n un gran trabajo en equipo, compromiso y disciplina.<\/span><\/p>\n<p><span>Gracias a este triunfo, el equipo avanza a la etapa macrorregional, que se desarrollar\u00e1 en el mes de setiembre en el Callao, y en la que participar\u00e1n delegaciones de Ancash, Ica, Lima Provincias, Lima Metropolitana y Callao.<\/span><\/p>[\/et_pb_text][\/et_pb_column][\/et_pb_row][\/et_pb_section]\n","protected":false},"excerpt":{"rendered":"<p>La UGEL 04 hace llegar su reconocimiento y felicitaci\u00f3n a los estudiantes, directivos y plana docente de la Instituci\u00f3n Educativa 2040 Rep\u00fablica de Cuba, del distrito de Comas, por coronarse [&hellip;]<\/p>\n","protected":false},"author":1,"featured_media":260213,"comment_status":"closed","ping_status":"closed","sticky":false,"template":"","format":"standard","meta":{"_et_pb_use_builder":"on","_et_pb_old_content":"","_et_gb_content_width":"1080","footnotes":""},"categories":[10],"tags":[],"class_list":["post-260212","post","type-post","status-publish","format-standard","has-post-thumbnail","hentry","category-noticias"],"_links":{"self":[{"href":"https:\/\/ugel04.gob.pe\/home\/wp-json\/wp\/v2\/posts\/260212","targetHints":{"allow":["GET"]}}],"collection":[{"href":"https:\/\/ugel04.gob.pe\/home\/wp-json\/wp\/v2\/posts"}],"about":[{"href":"https:\/\/ugel04.gob.pe\/home\/wp-json\/wp\/v2\/types\/post"}],"author":[{"embeddable":true,"href":"https:\/\/ugel04.gob.pe\/home\/wp-json\/wp\/v2\/users\/1"}],"replies":[{"embeddable":true,"href":"https:\/\/ugel04.gob.pe\/home\/wp-json\/wp\/v2\/comments?post=260212"}],"version-history":[{"count":6,"href":"https:\/\/ugel04.gob.pe\/home\/wp-json\/wp\/v2\/posts\/260212\/revisions"}],"predecessor-version":[{"id":260229,"href":"https:\/\/ugel04.gob.pe\/home\/wp-json\/wp\/v2\/posts\/260212\/revisions\/260229"}],"wp:featuredmedia":[{"embeddable":true,"href":"https:\/\/ugel04.gob.pe\/home\/wp-json\/wp\/v2\/media\/260213"}],"wp:attachment":[{"href":"https:\/\/ugel04.gob.pe\/home\/wp-json\/wp\/v2\/media?parent=260212"}],"wp:term":[{"taxonomy":"category","embeddable":true,"href":"https:\/\/ugel04.gob.pe\/home\/wp-json\/wp\/v2\/categories?post=260212"},{"taxonomy":"post_tag","embeddable":true,"href":"https:\/\/ugel04.gob.pe\/home\/wp-json\/wp\/v2\/tags?post=260212"}],"curies":[{"name":"wp","href":"https:\/\/api.w.org\/{rel}","templated":true}]}}