{"id":260196,"date":"2025-08-27T09:49:10","date_gmt":"2025-08-27T14:49:10","guid":{"rendered":"https:\/\/ugel04.gob.pe\/home\/?p=260196"},"modified":"2025-08-27T09:49:10","modified_gmt":"2025-08-27T14:49:10","slug":"ugel-04-realizo-jornada-de-asistencia-tecnica-para-docentes-de-ceba","status":"publish","type":"post","link":"https:\/\/ugel04.gob.pe\/home\/ugel-04-realizo-jornada-de-asistencia-tecnica-para-docentes-de-ceba\/","title":{"rendered":"UGEL 04 REALIZ\u00d3 JORNADA DE ASISTENCIA T\u00c9CNICA PARA DOCENTES DE CEBA"},"content":{"rendered":"<p>[et_pb_section fb_built=\u00bb1&#8243; theme_builder_area=\u00bbpost_content\u00bb _builder_version=\u00bb4.27.4&#8243; _module_preset=\u00bbdefault\u00bb da_is_popup=\u00bboff\u00bb da_exit_intent=\u00bboff\u00bb da_has_close=\u00bbon\u00bb da_alt_close=\u00bboff\u00bb da_dark_close=\u00bboff\u00bb da_not_modal=\u00bbon\u00bb da_is_singular=\u00bboff\u00bb da_with_loader=\u00bboff\u00bb da_has_shadow=\u00bbon\u00bb da_disable_devices=\u00bboff|off|off\u00bb][et_pb_row _builder_version=\u00bb4.27.4&#8243; _module_preset=\u00bbdefault\u00bb theme_builder_area=\u00bbpost_content\u00bb][et_pb_column _builder_version=\u00bb4.27.4&#8243; _module_preset=\u00bbdefault\u00bb type=\u00bb4_4&#8243; theme_builder_area=\u00bbpost_content\u00bb][et_pb_text _builder_version=\u00bb4.27.4&#8243; _module_preset=\u00bbdefault\u00bb theme_builder_area=\u00bbpost_content\u00bb hover_enabled=\u00bb0&#8243; sticky_enabled=\u00bb0&#8243;]<\/p>\n<p style=\"text-align: justify;\"><strong>Con el objetivo de fortalecer las capacidades pedag\u00f3gicas de los docentes de Educaci\u00f3n B\u00e1sica Alternativa (EBA), la UGEL 04 realiz\u00f3 una jornada de asistencia t\u00e9cnica en el auditorio de la IE Luis Braille del distrito de Comas. La actividad reuni\u00f3 a maestros de los ciclos Inicial e Intermedio de los CEBA de nuestra jurisdicci\u00f3n, quienes participaron en un espacio formativo orientado a la evaluaci\u00f3n diagn\u00f3stica de la competencia vinculada a la salud, en el marco del Modelo de Servicio Educativo \u2013 PAM.<\/strong><\/p>\n<p style=\"text-align: justify;\"><span>El jefe AGEBATP, Roberto Zevallos, dio la bienvenida a los participantes y resalt\u00f3 la importancia de esta capacitaci\u00f3n como una herramienta para potenciar aprendizajes y promover el bienestar de los estudiantes j\u00f3venes y adultos. Asimismo, el especialista de AGEBATP, acompa\u00f1\u00f3 el desarrollo de la jornada brindando orientaciones t\u00e9cnicas y pedag\u00f3gicas.<\/span><\/p>\n<p style=\"text-align: justify;\"><span>Durante el encuentro se foment\u00f3 el intercambio de experiencias y buenas pr\u00e1cticas, consolidando el compromiso de los docentes con una educaci\u00f3n de calidad que integra el enfoque de salud como parte del desarrollo integral de los estudiantes.<\/span><\/p>\n<p>[\/et_pb_text][\/et_pb_column][\/et_pb_row][\/et_pb_section]<\/p>\n","protected":false},"excerpt":{"rendered":"<p>Con el objetivo de fortalecer las capacidades pedag\u00f3gicas de los docentes de Educaci\u00f3n B\u00e1sica Alternativa (EBA), la UGEL 04 realiz\u00f3 una jornada de asistencia t\u00e9cnica en el auditorio de la [&hellip;]<\/p>\n","protected":false},"author":1,"featured_media":260197,"comment_status":"closed","ping_status":"open","sticky":false,"template":"","format":"standard","meta":{"_et_pb_use_builder":"on","_et_pb_old_content":"","_et_gb_content_width":"1080","footnotes":""},"categories":[10],"tags":[],"class_list":["post-260196","post","type-post","status-publish","format-standard","has-post-thumbnail","hentry","category-noticias"],"_links":{"self":[{"href":"https:\/\/ugel04.gob.pe\/home\/wp-json\/wp\/v2\/posts\/260196","targetHints":{"allow":["GET"]}}],"collection":[{"href":"https:\/\/ugel04.gob.pe\/home\/wp-json\/wp\/v2\/posts"}],"about":[{"href":"https:\/\/ugel04.gob.pe\/home\/wp-json\/wp\/v2\/types\/post"}],"author":[{"embeddable":true,"href":"https:\/\/ugel04.gob.pe\/home\/wp-json\/wp\/v2\/users\/1"}],"replies":[{"embeddable":true,"href":"https:\/\/ugel04.gob.pe\/home\/wp-json\/wp\/v2\/comments?post=260196"}],"version-history":[{"count":2,"href":"https:\/\/ugel04.gob.pe\/home\/wp-json\/wp\/v2\/posts\/260196\/revisions"}],"predecessor-version":[{"id":260199,"href":"https:\/\/ugel04.gob.pe\/home\/wp-json\/wp\/v2\/posts\/260196\/revisions\/260199"}],"wp:featuredmedia":[{"embeddable":true,"href":"https:\/\/ugel04.gob.pe\/home\/wp-json\/wp\/v2\/media\/260197"}],"wp:attachment":[{"href":"https:\/\/ugel04.gob.pe\/home\/wp-json\/wp\/v2\/media?parent=260196"}],"wp:term":[{"taxonomy":"category","embeddable":true,"href":"https:\/\/ugel04.gob.pe\/home\/wp-json\/wp\/v2\/categories?post=260196"},{"taxonomy":"post_tag","embeddable":true,"href":"https:\/\/ugel04.gob.pe\/home\/wp-json\/wp\/v2\/tags?post=260196"}],"curies":[{"name":"wp","href":"https:\/\/api.w.org\/{rel}","templated":true}]}}