{"id":260191,"date":"2025-08-26T18:14:09","date_gmt":"2025-08-26T23:14:09","guid":{"rendered":"https:\/\/ugel04.gob.pe\/home\/?p=260191"},"modified":"2025-08-26T18:14:31","modified_gmt":"2025-08-26T23:14:31","slug":"ugel-04-adjudico-plazas-en-la-reasignacion-docente-interregional-2025","status":"publish","type":"post","link":"https:\/\/ugel04.gob.pe\/home\/ugel-04-adjudico-plazas-en-la-reasignacion-docente-interregional-2025\/","title":{"rendered":"UGEL 04 ADJUDIC\u00d3 PLAZAS EN LA REASIGNACI\u00d3N DOCENTE INTERREGIONAL 2025"},"content":{"rendered":"<p>[et_pb_section fb_built=\u00bb1&#8243; theme_builder_area=\u00bbpost_content\u00bb _builder_version=\u00bb4.27.4&#8243; _module_preset=\u00bbdefault\u00bb da_is_popup=\u00bboff\u00bb da_exit_intent=\u00bboff\u00bb da_has_close=\u00bbon\u00bb da_alt_close=\u00bboff\u00bb da_dark_close=\u00bboff\u00bb da_not_modal=\u00bbon\u00bb da_is_singular=\u00bboff\u00bb da_with_loader=\u00bboff\u00bb da_has_shadow=\u00bbon\u00bb da_disable_devices=\u00bboff|off|off\u00bb][et_pb_row _builder_version=\u00bb4.27.4&#8243; _module_preset=\u00bbdefault\u00bb theme_builder_area=\u00bbpost_content\u00bb][et_pb_column _builder_version=\u00bb4.27.4&#8243; _module_preset=\u00bbdefault\u00bb type=\u00bb4_4&#8243; theme_builder_area=\u00bbpost_content\u00bb][et_pb_text _builder_version=\u00bb4.27.4&#8243; _module_preset=\u00bbdefault\u00bb theme_builder_area=\u00bbpost_content\u00bb hover_enabled=\u00bb0&#8243; sticky_enabled=\u00bb0&#8243;]<\/p>\n<p>Durante dos d\u00edas se llev\u00f3 a cabo el proceso de Reasignaci\u00f3n Docente \u2013 Etapa Interregional 2025, con la participaci\u00f3n de m\u00e1s de 190 docentes, directivos y especialistas de Educaci\u00f3n de las modalidades EBA, EBE y EBR (inicial, primaria y secundaria).<\/p>\n<p>La actividad, realizada en la I.E. 2100 Juan Velasco Alvarado de Comas, permiti\u00f3 adjudicar plazas a los profesores y directivos nombrados que solicitaron su reasignaci\u00f3n por las causales de inter\u00e9s personal y unidad familiar.<\/p>\n<p>El proceso se desarroll\u00f3 con transparencia, orden y puntualidad, en estricto cumplimiento de la normativa vigente. Los participantes acudieron en el horario establecido y fueron atendidos de manera organizada, lo que garantiz\u00f3 una jornada fluida y eficiente.<\/p>\n<p>Los asistentes manifestaron su conformidad con la adjudicaci\u00f3n, destacando la claridad y el correcto desarrollo de cada etapa.<\/p>\n<p>[\/et_pb_text][\/et_pb_column][\/et_pb_row][\/et_pb_section]<\/p>\n","protected":false},"excerpt":{"rendered":"<p>Durante dos d\u00edas se llev\u00f3 a cabo el proceso de Reasignaci\u00f3n Docente \u2013 Etapa Interregional 2025, con la participaci\u00f3n de m\u00e1s de 190 docentes, directivos y especialistas de Educaci\u00f3n de [&hellip;]<\/p>\n","protected":false},"author":1,"featured_media":260192,"comment_status":"closed","ping_status":"closed","sticky":false,"template":"","format":"standard","meta":{"_et_pb_use_builder":"on","_et_pb_old_content":"","_et_gb_content_width":"","footnotes":""},"categories":[10],"tags":[],"class_list":["post-260191","post","type-post","status-publish","format-standard","has-post-thumbnail","hentry","category-noticias"],"_links":{"self":[{"href":"https:\/\/ugel04.gob.pe\/home\/wp-json\/wp\/v2\/posts\/260191","targetHints":{"allow":["GET"]}}],"collection":[{"href":"https:\/\/ugel04.gob.pe\/home\/wp-json\/wp\/v2\/posts"}],"about":[{"href":"https:\/\/ugel04.gob.pe\/home\/wp-json\/wp\/v2\/types\/post"}],"author":[{"embeddable":true,"href":"https:\/\/ugel04.gob.pe\/home\/wp-json\/wp\/v2\/users\/1"}],"replies":[{"embeddable":true,"href":"https:\/\/ugel04.gob.pe\/home\/wp-json\/wp\/v2\/comments?post=260191"}],"version-history":[{"count":2,"href":"https:\/\/ugel04.gob.pe\/home\/wp-json\/wp\/v2\/posts\/260191\/revisions"}],"predecessor-version":[{"id":260194,"href":"https:\/\/ugel04.gob.pe\/home\/wp-json\/wp\/v2\/posts\/260191\/revisions\/260194"}],"wp:featuredmedia":[{"embeddable":true,"href":"https:\/\/ugel04.gob.pe\/home\/wp-json\/wp\/v2\/media\/260192"}],"wp:attachment":[{"href":"https:\/\/ugel04.gob.pe\/home\/wp-json\/wp\/v2\/media?parent=260191"}],"wp:term":[{"taxonomy":"category","embeddable":true,"href":"https:\/\/ugel04.gob.pe\/home\/wp-json\/wp\/v2\/categories?post=260191"},{"taxonomy":"post_tag","embeddable":true,"href":"https:\/\/ugel04.gob.pe\/home\/wp-json\/wp\/v2\/tags?post=260191"}],"curies":[{"name":"wp","href":"https:\/\/api.w.org\/{rel}","templated":true}]}}