{"id":260182,"date":"2025-08-25T17:33:51","date_gmt":"2025-08-25T22:33:51","guid":{"rendered":"https:\/\/ugel04.gob.pe\/home\/?p=260182"},"modified":"2025-08-25T17:33:52","modified_gmt":"2025-08-25T22:33:52","slug":"ugel-04-llevo-a-cabo-etapa-interregional-del-proceso-de-adjudicacion-docente-2025","status":"publish","type":"post","link":"https:\/\/ugel04.gob.pe\/home\/ugel-04-llevo-a-cabo-etapa-interregional-del-proceso-de-adjudicacion-docente-2025\/","title":{"rendered":"UGEL 04 LLEV\u00d3 A CABO ETAPA INTERREGIONAL DEL PROCESO DE ADJUDICACI\u00d3N DOCENTE 2025"},"content":{"rendered":"<p>[et_pb_section fb_built=\u00bb1&#8243; theme_builder_area=\u00bbpost_content\u00bb _builder_version=\u00bb4.27.4&#8243; _module_preset=\u00bbdefault\u00bb da_is_popup=\u00bboff\u00bb da_exit_intent=\u00bboff\u00bb da_has_close=\u00bbon\u00bb da_alt_close=\u00bboff\u00bb da_dark_close=\u00bboff\u00bb da_not_modal=\u00bbon\u00bb da_is_singular=\u00bboff\u00bb da_with_loader=\u00bboff\u00bb da_has_shadow=\u00bbon\u00bb da_disable_devices=\u00bboff|off|off\u00bb][et_pb_row _builder_version=\u00bb4.27.4&#8243; _module_preset=\u00bbdefault\u00bb theme_builder_area=\u00bbpost_content\u00bb][et_pb_column _builder_version=\u00bb4.27.4&#8243; _module_preset=\u00bbdefault\u00bb type=\u00bb4_4&#8243; theme_builder_area=\u00bbpost_content\u00bb][et_pb_text _builder_version=\u00bb4.27.4&#8243; _module_preset=\u00bbdefault\u00bb theme_builder_area=\u00bbpost_content\u00bb hover_enabled=\u00bb0&#8243; sticky_enabled=\u00bb0&#8243;]<\/p>\n<p><strong>La UGEL 04 llev\u00f3 a cabo la Etapa Interregional del proceso de adjudicaci\u00f3n docente 2025, en la que participaron profesores y directivos nombrados que solicitaron su reasignaci\u00f3n por las causales de inter\u00e9s personal y unidad familiar.<\/strong><\/p>\n<p><span>La actividad se desarroll\u00f3 en la I.E. 2100 Juan Velasco Alvarado de Comas, garantizando un proceso transparente, ordenado y en estricto cumplimiento de la normativa vigente.<\/span><\/p>\n<p><span>La jornada marc\u00f3 un paso importante dentro de la Etapa Interregional, que continuar\u00e1 ma\u00f1ana con la adjudicaci\u00f3n de plazas para el nivel de Educaci\u00f3n Secundaria, siempre con el objetivo de garantizar la continuidad del servicio educativo en nuestra jurisdicci\u00f3n.<\/span><\/p>\n<p>[\/et_pb_text][\/et_pb_column][\/et_pb_row][\/et_pb_section]<\/p>\n","protected":false},"excerpt":{"rendered":"<p>La UGEL 04 llev\u00f3 a cabo la Etapa Interregional del proceso de adjudicaci\u00f3n docente 2025, en la que participaron profesores y directivos nombrados que solicitaron su reasignaci\u00f3n por las causales [&hellip;]<\/p>\n","protected":false},"author":1,"featured_media":260183,"comment_status":"closed","ping_status":"open","sticky":false,"template":"","format":"standard","meta":{"_et_pb_use_builder":"on","_et_pb_old_content":"","_et_gb_content_width":"1080","footnotes":""},"categories":[10],"tags":[],"class_list":["post-260182","post","type-post","status-publish","format-standard","has-post-thumbnail","hentry","category-noticias"],"_links":{"self":[{"href":"https:\/\/ugel04.gob.pe\/home\/wp-json\/wp\/v2\/posts\/260182","targetHints":{"allow":["GET"]}}],"collection":[{"href":"https:\/\/ugel04.gob.pe\/home\/wp-json\/wp\/v2\/posts"}],"about":[{"href":"https:\/\/ugel04.gob.pe\/home\/wp-json\/wp\/v2\/types\/post"}],"author":[{"embeddable":true,"href":"https:\/\/ugel04.gob.pe\/home\/wp-json\/wp\/v2\/users\/1"}],"replies":[{"embeddable":true,"href":"https:\/\/ugel04.gob.pe\/home\/wp-json\/wp\/v2\/comments?post=260182"}],"version-history":[{"count":2,"href":"https:\/\/ugel04.gob.pe\/home\/wp-json\/wp\/v2\/posts\/260182\/revisions"}],"predecessor-version":[{"id":260185,"href":"https:\/\/ugel04.gob.pe\/home\/wp-json\/wp\/v2\/posts\/260182\/revisions\/260185"}],"wp:featuredmedia":[{"embeddable":true,"href":"https:\/\/ugel04.gob.pe\/home\/wp-json\/wp\/v2\/media\/260183"}],"wp:attachment":[{"href":"https:\/\/ugel04.gob.pe\/home\/wp-json\/wp\/v2\/media?parent=260182"}],"wp:term":[{"taxonomy":"category","embeddable":true,"href":"https:\/\/ugel04.gob.pe\/home\/wp-json\/wp\/v2\/categories?post=260182"},{"taxonomy":"post_tag","embeddable":true,"href":"https:\/\/ugel04.gob.pe\/home\/wp-json\/wp\/v2\/tags?post=260182"}],"curies":[{"name":"wp","href":"https:\/\/api.w.org\/{rel}","templated":true}]}}