{"id":260164,"date":"2025-08-22T17:55:02","date_gmt":"2025-08-22T22:55:02","guid":{"rendered":"https:\/\/ugel04.gob.pe\/home\/?p=260164"},"modified":"2025-08-25T12:34:38","modified_gmt":"2025-08-25T17:34:38","slug":"directora-de-la-ugel-04-acompana-inauguracion-de-obras-y-lanzamiento-de-wasi-mikuna-en-puente-piedra","status":"publish","type":"post","link":"https:\/\/ugel04.gob.pe\/home\/directora-de-la-ugel-04-acompana-inauguracion-de-obras-y-lanzamiento-de-wasi-mikuna-en-puente-piedra\/","title":{"rendered":"DIRECTORA DE LA UGEL 04 ACOMPA\u00d1A INAUGURACI\u00d3N DE OBRAS Y LANZAMIENTO DE \u201cWASI MIKUNA\u201d EN PUENTE PIEDRA"},"content":{"rendered":"\n[et_pb_section fb_built=\u00bb1&#8243; theme_builder_area=\u00bbpost_content\u00bb _builder_version=\u00bb4.27.4&#8243; _module_preset=\u00bbdefault\u00bb da_is_popup=\u00bboff\u00bb da_exit_intent=\u00bboff\u00bb da_has_close=\u00bbon\u00bb da_alt_close=\u00bboff\u00bb da_dark_close=\u00bboff\u00bb da_not_modal=\u00bbon\u00bb da_is_singular=\u00bboff\u00bb da_with_loader=\u00bboff\u00bb da_has_shadow=\u00bbon\u00bb da_disable_devices=\u00bboff|off|off\u00bb][et_pb_row _builder_version=\u00bb4.27.4&#8243; _module_preset=\u00bbdefault\u00bb theme_builder_area=\u00bbpost_content\u00bb][et_pb_column _builder_version=\u00bb4.27.4&#8243; _module_preset=\u00bbdefault\u00bb type=\u00bb4_4&#8243; theme_builder_area=\u00bbpost_content\u00bb][et_pb_text _builder_version=\u00bb4.27.4&#8243; _module_preset=\u00bbdefault\u00bb theme_builder_area=\u00bbpost_content\u00bb hover_enabled=\u00bb0&#8243; sticky_enabled=\u00bb0&#8243;]<p><strong>La directora de la UGEL 04, Nelly Cunza Pr\u00edncipe, particip\u00f3 en la ceremonia de inauguraci\u00f3n de las mejoras realizadas en la IEI 590 \u201cEstrellita Luminosa\u201d, junto a la directora del plantel, Dora C\u00f3rdova Mej\u00eda, docentes, estudiantes y padres de familia, quienes celebraron la renovaci\u00f3n de sus espacios educativos.<\/strong><br \/>A ra\u00edz del \u00faltimo sismo, Defensa Civil emiti\u00f3 un informe que declar\u00f3 en alto riesgo la infraestructura met\u00e1lica del patio. Gracias a las gestiones realizadas por la directora de la instituci\u00f3n ante el Ministerio de Educaci\u00f3n, se atendi\u00f3 de manera r\u00e1pida esta necesidad, logrando el cambio completo del techo por uno termoac\u00fastico de 130 m\u00b2, la instalaci\u00f3n de piso nuevo en el patio (120 m\u00b2) y el acondicionamiento de un aula con piso de porcelanato.<br \/>A este esfuerzo se sum\u00f3 el apoyo de los padres de familia, quienes financiaron la colocaci\u00f3n de un piso de goma en la zona de juegos, brindando mayor seguridad a los estudiantes.<br \/>Durante la jornada tambi\u00e9n se dio inicio al programa piloto \u201cWasi Mikuna \u2013 Desayuno en mi cole\u201d, impulsado por el Ministerio de Desarrollo e Inclusi\u00f3n Social (Midis), que busca garantizar una alimentaci\u00f3n variada y nutritiva para escolares de inicial y primaria. La preparaci\u00f3n de los desayunos se realiza en las cocinas implementadas por Foncodes, a cargo de concesionarios responsables de la compra, elaboraci\u00f3n y distribuci\u00f3n de los alimentos.<br \/>Este programa tiene como finalidad mejorar el rendimiento f\u00edsico y mental de los estudiantes, favorecer la concentraci\u00f3n en clases, reducir el cansancio y prevenir la anemia, contribuyendo as\u00ed a erradicar la desnutrici\u00f3n infantil.<br \/>La directora de la UGEL 04 agradeci\u00f3 a la directora de la instituci\u00f3n y a la comunidad educativa por el esfuerzo conjunto que hizo posible estas mejoras en beneficio de la ni\u00f1ez de Puente Piedra.<\/p>[\/et_pb_text][\/et_pb_column][\/et_pb_row][\/et_pb_section]\n","protected":false},"excerpt":{"rendered":"<p>La directora de la UGEL 04, Nelly Cunza Pr\u00edncipe, particip\u00f3 en la ceremonia de inauguraci\u00f3n de las mejoras realizadas en la IEI 590 \u201cEstrellita Luminosa\u201d, junto a la directora del [&hellip;]<\/p>\n","protected":false},"author":1,"featured_media":260165,"comment_status":"closed","ping_status":"closed","sticky":false,"template":"","format":"standard","meta":{"_et_pb_use_builder":"on","_et_pb_old_content":"","_et_gb_content_width":"1080","footnotes":""},"categories":[10],"tags":[],"class_list":["post-260164","post","type-post","status-publish","format-standard","has-post-thumbnail","hentry","category-noticias"],"_links":{"self":[{"href":"https:\/\/ugel04.gob.pe\/home\/wp-json\/wp\/v2\/posts\/260164","targetHints":{"allow":["GET"]}}],"collection":[{"href":"https:\/\/ugel04.gob.pe\/home\/wp-json\/wp\/v2\/posts"}],"about":[{"href":"https:\/\/ugel04.gob.pe\/home\/wp-json\/wp\/v2\/types\/post"}],"author":[{"embeddable":true,"href":"https:\/\/ugel04.gob.pe\/home\/wp-json\/wp\/v2\/users\/1"}],"replies":[{"embeddable":true,"href":"https:\/\/ugel04.gob.pe\/home\/wp-json\/wp\/v2\/comments?post=260164"}],"version-history":[{"count":3,"href":"https:\/\/ugel04.gob.pe\/home\/wp-json\/wp\/v2\/posts\/260164\/revisions"}],"predecessor-version":[{"id":260169,"href":"https:\/\/ugel04.gob.pe\/home\/wp-json\/wp\/v2\/posts\/260164\/revisions\/260169"}],"wp:featuredmedia":[{"embeddable":true,"href":"https:\/\/ugel04.gob.pe\/home\/wp-json\/wp\/v2\/media\/260165"}],"wp:attachment":[{"href":"https:\/\/ugel04.gob.pe\/home\/wp-json\/wp\/v2\/media?parent=260164"}],"wp:term":[{"taxonomy":"category","embeddable":true,"href":"https:\/\/ugel04.gob.pe\/home\/wp-json\/wp\/v2\/categories?post=260164"},{"taxonomy":"post_tag","embeddable":true,"href":"https:\/\/ugel04.gob.pe\/home\/wp-json\/wp\/v2\/tags?post=260164"}],"curies":[{"name":"wp","href":"https:\/\/api.w.org\/{rel}","templated":true}]}}