{"id":260120,"date":"2025-08-15T18:28:14","date_gmt":"2025-08-15T23:28:14","guid":{"rendered":"https:\/\/ugel04.gob.pe\/home\/?p=260120"},"modified":"2025-08-18T09:14:47","modified_gmt":"2025-08-18T14:14:47","slug":"ugel-04-y-serpar-promueven-jornadas-gratuitas-de-lectura-en-el-parque-zonal-manco-capac-en-carabayllo","status":"publish","type":"post","link":"https:\/\/ugel04.gob.pe\/home\/ugel-04-y-serpar-promueven-jornadas-gratuitas-de-lectura-en-el-parque-zonal-manco-capac-en-carabayllo\/","title":{"rendered":"UGEL 04 Y SERPAR PROMUEVEN JORNADAS GRATUITAS DE LECTURA EN EL PARQUE ZONAL MANCO C\u00c1PAC EN CARABAYLLO"},"content":{"rendered":"<p>[et_pb_section fb_built=\u00bb1&#8243; _builder_version=\u00bb4.27.4&#8243; _module_preset=\u00bbdefault\u00bb da_disable_devices=\u00bboff|off|off\u00bb global_colors_info=\u00bb{}\u00bb da_is_popup=\u00bboff\u00bb da_exit_intent=\u00bboff\u00bb da_has_close=\u00bbon\u00bb da_alt_close=\u00bboff\u00bb da_dark_close=\u00bboff\u00bb da_not_modal=\u00bbon\u00bb da_is_singular=\u00bboff\u00bb da_with_loader=\u00bboff\u00bb da_has_shadow=\u00bbon\u00bb][et_pb_row _builder_version=\u00bb4.27.4&#8243; _module_preset=\u00bbdefault\u00bb global_colors_info=\u00bb{}\u00bb][et_pb_column type=\u00bb4_4&#8243; _builder_version=\u00bb4.27.4&#8243; _module_preset=\u00bbdefault\u00bb global_colors_info=\u00bb{}\u00bb][et_pb_text _builder_version=\u00bb4.27.4&#8243; _module_preset=\u00bbdefault\u00bb hover_enabled=\u00bb0&#8243; global_colors_info=\u00bb{}\u00bb sticky_enabled=\u00bb0&#8243;]<\/p>\n<p><strong>Gracias a una alianza estrat\u00e9gica entre la UGEL 04 y SERPAR, la comunidad educativa de nuestra jurisdicci\u00f3n podr\u00e1 acceder gratuitamente a la actividad \u201cLectura en el Parque\u201d, disponible de lunes a domingo en el Parque Zonal Manco C\u00e1pac de Carabayllo.<\/strong><\/p>\n<p>El beneficio es v\u00e1lido para quienes asistan exclusivamente a leer. En esta primera etapa, est\u00e1 dirigido a los menores de hasta 10 a\u00f1os que lleguen acompa\u00f1ados de sus padres. La invitaci\u00f3n est\u00e1 orientada principalmente a estudiantes de inicial y primaria, con el objetivo de fomentar el h\u00e1bito lector desde la ni\u00f1ez.<\/p>\n<p>En esta ocasi\u00f3n, la directora de la UGEL 04, Nelly Cunza Pr\u00edncipe, el jefe de AGEBRE, Jhony Ventura, especialistas y personal de SERPAR compartieron gratos momentos de lectura con los estudiantes de la IE N.\u00b0 3058 Virgen de F\u00e1tima de Carabayllo. Acompa\u00f1ados por sus maestras y padres de familia, los ni\u00f1os vivieron una experiencia enriquecedora, donde los libros y la naturaleza fueron los protagonistas.<\/p>\n<p>Como se sabe, leer en el parque ofrece m\u00faltiples beneficios: reduce el estr\u00e9s, estimula la creatividad, mejora la concentraci\u00f3n y fortalece el v\u00ednculo con la naturaleza.<\/p>\n<p>[\/et_pb_text][\/et_pb_column][\/et_pb_row][\/et_pb_section]<\/p>\n","protected":false},"excerpt":{"rendered":"<p>Gracias a una alianza estrat\u00e9gica entre la UGEL 04 y SERPAR, la comunidad educativa de nuestra jurisdicci\u00f3n podr\u00e1 acceder gratuitamente a la actividad \u201cLectura en el Parque\u201d, disponible de lunes [&hellip;]<\/p>\n","protected":false},"author":1,"featured_media":260121,"comment_status":"closed","ping_status":"open","sticky":false,"template":"","format":"standard","meta":{"_et_pb_use_builder":"on","_et_pb_old_content":"","_et_gb_content_width":"1080","footnotes":""},"categories":[10],"tags":[],"class_list":["post-260120","post","type-post","status-publish","format-standard","has-post-thumbnail","hentry","category-noticias"],"_links":{"self":[{"href":"https:\/\/ugel04.gob.pe\/home\/wp-json\/wp\/v2\/posts\/260120","targetHints":{"allow":["GET"]}}],"collection":[{"href":"https:\/\/ugel04.gob.pe\/home\/wp-json\/wp\/v2\/posts"}],"about":[{"href":"https:\/\/ugel04.gob.pe\/home\/wp-json\/wp\/v2\/types\/post"}],"author":[{"embeddable":true,"href":"https:\/\/ugel04.gob.pe\/home\/wp-json\/wp\/v2\/users\/1"}],"replies":[{"embeddable":true,"href":"https:\/\/ugel04.gob.pe\/home\/wp-json\/wp\/v2\/comments?post=260120"}],"version-history":[{"count":3,"href":"https:\/\/ugel04.gob.pe\/home\/wp-json\/wp\/v2\/posts\/260120\/revisions"}],"predecessor-version":[{"id":260124,"href":"https:\/\/ugel04.gob.pe\/home\/wp-json\/wp\/v2\/posts\/260120\/revisions\/260124"}],"wp:featuredmedia":[{"embeddable":true,"href":"https:\/\/ugel04.gob.pe\/home\/wp-json\/wp\/v2\/media\/260121"}],"wp:attachment":[{"href":"https:\/\/ugel04.gob.pe\/home\/wp-json\/wp\/v2\/media?parent=260120"}],"wp:term":[{"taxonomy":"category","embeddable":true,"href":"https:\/\/ugel04.gob.pe\/home\/wp-json\/wp\/v2\/categories?post=260120"},{"taxonomy":"post_tag","embeddable":true,"href":"https:\/\/ugel04.gob.pe\/home\/wp-json\/wp\/v2\/tags?post=260120"}],"curies":[{"name":"wp","href":"https:\/\/api.w.org\/{rel}","templated":true}]}}