{"id":260098,"date":"2025-08-14T17:54:15","date_gmt":"2025-08-14T22:54:15","guid":{"rendered":"https:\/\/ugel04.gob.pe\/home\/?p=260098"},"modified":"2025-08-14T17:54:22","modified_gmt":"2025-08-14T22:54:22","slug":"se-inaugura-cerco-perimetrico-de-nueva-sede-de-cetpro-juana-iris-cuadros-en-carabyllo","status":"publish","type":"post","link":"https:\/\/ugel04.gob.pe\/home\/se-inaugura-cerco-perimetrico-de-nueva-sede-de-cetpro-juana-iris-cuadros-en-carabyllo\/","title":{"rendered":"SE INAUGURA CERCO PERIM\u00c9TRICO DE NUEVA SEDE DE CETPRO JUANA IRIS CUADROS EN CARABYLLO"},"content":{"rendered":"<p>[et_pb_section fb_built=\u00bb1&#8243; theme_builder_area=\u00bbpost_content\u00bb _builder_version=\u00bb4.27.4&#8243; _module_preset=\u00bbdefault\u00bb da_is_popup=\u00bboff\u00bb da_exit_intent=\u00bboff\u00bb da_has_close=\u00bbon\u00bb da_alt_close=\u00bboff\u00bb da_dark_close=\u00bboff\u00bb da_not_modal=\u00bbon\u00bb da_is_singular=\u00bboff\u00bb da_with_loader=\u00bboff\u00bb da_has_shadow=\u00bbon\u00bb da_disable_devices=\u00bboff|off|off\u00bb][et_pb_row _builder_version=\u00bb4.27.4&#8243; _module_preset=\u00bbdefault\u00bb theme_builder_area=\u00bbpost_content\u00bb][et_pb_column _builder_version=\u00bb4.27.4&#8243; _module_preset=\u00bbdefault\u00bb type=\u00bb4_4&#8243; theme_builder_area=\u00bbpost_content\u00bb][et_pb_text _builder_version=\u00bb4.27.4&#8243; _module_preset=\u00bbdefault\u00bb theme_builder_area=\u00bbpost_content\u00bb hover_enabled=\u00bb0&#8243; sticky_enabled=\u00bb0&#8243;]<\/p>\n<p>En medio de la algarab\u00eda de la comunidad educativa presente, se llev\u00f3 a cabo la inauguraci\u00f3n del cerco perim\u00e9trico y los servicios higi\u00e9nicos de la nueva sede del CETPRO Juana Iris Cuadros Rivera, ubicado en la II Etapa de la Urb. San Antonio de Carabayllo; el cual ocupa un \u00e1rea de 4320 metros cuadrados, disponibles para la pr\u00f3xima prestaci\u00f3n de servicios educativos t\u00e9cnicos a la poblaci\u00f3n interesada.<\/p>\n<p>La obra que consta de un cerco de 4 metros de alto y 172 metros de longitud -construido con material noble-, cuatro puertas de metal y servicios higi\u00e9nicos para damas y varones, fue edificado en cinco meses, gracias a los recursos propios generados por la venta de los productos que elaboran los estudiantes del CETPRO durante su proceso de aprendizaje; as\u00ed como, por la fruct\u00edfera gesti\u00f3n del director Veato Arias, con apoyo de algunas organizaciones aliadas.<\/p>\n<p>Durante la ceremonia de inauguraci\u00f3n, la directora de la UGEL 04 Nelly Cunza Pr\u00edncipe, expres\u00f3 emocionada su felicitaci\u00f3n a los gestores de la obra y destac\u00f3 la trascendencia de esta nueva sede del CETPRO Juana Cuadros, para mejorar la calidad de vida de muchas personas que est\u00e1n a la espera oportunidades para recibir formaci\u00f3n t\u00e9cnica e insertarse al mercado laboral r\u00e1pidamente.<\/p>\n<p>\u201cEn primer t\u00e9rmino saludo a ustedes queridos alumnos porque con su inter\u00e9s en el estudio ya est\u00e1n contribuyendo al desarrollo de la sociedad. Con esta nueva sede construida en Carabayllo gracias al esfuerzo de cada integrante de la comunidad educativa de vuestro CETPRO que viene funcionando en Puente Piedra, hoy se ampl\u00edan las posibilidades de aprendizaje, emprendimiento y mejora de vida para cientos de personas m\u00e1s. Esta acci\u00f3n es un ejemplo a seguir y digna de replicarse en nuestro pa\u00eds\u201d, se\u00f1al\u00f3.<\/p>\n<p>Por su parte, el director Veato Arias, manifest\u00f3 su compromiso en seguir gestionando para cumplir el sue\u00f1o de miles de personas que ven en la formaci\u00f3n t\u00e9cnica la posibilidad de salir adelante, \u201cmi deseo es lograr la construcci\u00f3n de una sede con cuatro pisos y cochera subterr\u00e1nea, para brindar los conocimientos y formaci\u00f3n de t\u00e9cnicos certificados que atiendan la demanda laboral existente\u201d, sentenci\u00f3.<\/p>\n<p>Cabe destacar que, desde la UGEL 04 conjuntamente con el Minedu, se vienen realizando las coordinaciones a fin de que en breve tiempo el CETPRO Juana Cuadros, inicie en esta nueva sede, la prestaci\u00f3n del servicio educativo en las carreras de Cocina, Panader\u00eda y Pasteler\u00eda.<\/p>\n<p>[\/et_pb_text][\/et_pb_column][\/et_pb_row][\/et_pb_section]<\/p>\n","protected":false},"excerpt":{"rendered":"<p>En medio de la algarab\u00eda de la comunidad educativa presente, se llev\u00f3 a cabo la inauguraci\u00f3n del cerco perim\u00e9trico y los servicios higi\u00e9nicos de la nueva sede del CETPRO Juana [&hellip;]<\/p>\n","protected":false},"author":1,"featured_media":260099,"comment_status":"open","ping_status":"open","sticky":false,"template":"","format":"standard","meta":{"_et_pb_use_builder":"on","_et_pb_old_content":"","_et_gb_content_width":"1080","footnotes":""},"categories":[10],"tags":[],"class_list":["post-260098","post","type-post","status-publish","format-standard","has-post-thumbnail","hentry","category-noticias"],"_links":{"self":[{"href":"https:\/\/ugel04.gob.pe\/home\/wp-json\/wp\/v2\/posts\/260098","targetHints":{"allow":["GET"]}}],"collection":[{"href":"https:\/\/ugel04.gob.pe\/home\/wp-json\/wp\/v2\/posts"}],"about":[{"href":"https:\/\/ugel04.gob.pe\/home\/wp-json\/wp\/v2\/types\/post"}],"author":[{"embeddable":true,"href":"https:\/\/ugel04.gob.pe\/home\/wp-json\/wp\/v2\/users\/1"}],"replies":[{"embeddable":true,"href":"https:\/\/ugel04.gob.pe\/home\/wp-json\/wp\/v2\/comments?post=260098"}],"version-history":[{"count":2,"href":"https:\/\/ugel04.gob.pe\/home\/wp-json\/wp\/v2\/posts\/260098\/revisions"}],"predecessor-version":[{"id":260101,"href":"https:\/\/ugel04.gob.pe\/home\/wp-json\/wp\/v2\/posts\/260098\/revisions\/260101"}],"wp:featuredmedia":[{"embeddable":true,"href":"https:\/\/ugel04.gob.pe\/home\/wp-json\/wp\/v2\/media\/260099"}],"wp:attachment":[{"href":"https:\/\/ugel04.gob.pe\/home\/wp-json\/wp\/v2\/media?parent=260098"}],"wp:term":[{"taxonomy":"category","embeddable":true,"href":"https:\/\/ugel04.gob.pe\/home\/wp-json\/wp\/v2\/categories?post=260098"},{"taxonomy":"post_tag","embeddable":true,"href":"https:\/\/ugel04.gob.pe\/home\/wp-json\/wp\/v2\/tags?post=260098"}],"curies":[{"name":"wp","href":"https:\/\/api.w.org\/{rel}","templated":true}]}}