{"id":260085,"date":"2025-08-14T08:34:54","date_gmt":"2025-08-14T13:34:54","guid":{"rendered":"https:\/\/ugel04.gob.pe\/home\/?p=260085"},"modified":"2025-08-14T08:35:02","modified_gmt":"2025-08-14T13:35:02","slug":"ii-asistencia-tecnica-de-transitabilidad-educativa-mediante-la-evaluacion-de-evidencias-por-desempeno","status":"publish","type":"post","link":"https:\/\/ugel04.gob.pe\/home\/ii-asistencia-tecnica-de-transitabilidad-educativa-mediante-la-evaluacion-de-evidencias-por-desempeno\/","title":{"rendered":"II ASISTENCIA T\u00c9CNICA DE TRANSITABILIDAD EDUCATIVA MEDIANTE LA EVALUACI\u00d3N DE EVIDENCIAS POR DESEMPE\u00d1O"},"content":{"rendered":"<p>[et_pb_section fb_built=\u00bb1&#8243; theme_builder_area=\u00bbpost_content\u00bb _builder_version=\u00bb4.27.4&#8243; _module_preset=\u00bbdefault\u00bb da_is_popup=\u00bboff\u00bb da_exit_intent=\u00bboff\u00bb da_has_close=\u00bbon\u00bb da_alt_close=\u00bboff\u00bb da_dark_close=\u00bboff\u00bb da_not_modal=\u00bbon\u00bb da_is_singular=\u00bboff\u00bb da_with_loader=\u00bboff\u00bb da_has_shadow=\u00bbon\u00bb da_disable_devices=\u00bboff|off|off\u00bb][et_pb_row _builder_version=\u00bb4.27.4&#8243; _module_preset=\u00bbdefault\u00bb theme_builder_area=\u00bbpost_content\u00bb][et_pb_column _builder_version=\u00bb4.27.4&#8243; _module_preset=\u00bbdefault\u00bb type=\u00bb4_4&#8243; theme_builder_area=\u00bbpost_content\u00bb][et_pb_text _builder_version=\u00bb4.27.4&#8243; _module_preset=\u00bbdefault\u00bb theme_builder_area=\u00bbpost_content\u00bb hover_enabled=\u00bb0&#8243; sticky_enabled=\u00bb0&#8243;]<\/p>\n<p>Con el prop\u00f3sito de asegurar la continuidad de la formaci\u00f3n t\u00e9cnica y tecnol\u00f3gica de los estudiantes, la UGEL 04, en coordinaci\u00f3n con especialistas de la Direcci\u00f3n General de Servicios de Educaci\u00f3n T\u00e9cnico-Productiva y Art\u00edstica (DIGESUTPA), realiz\u00f3 la II Asistencia T\u00e9cnica sobre transitabilidad educativa mediante la evaluaci\u00f3n de evidencias por desempe\u00f1o (EED). La actividad se desarroll\u00f3 en las instalaciones de la Universidad C\u00e9sar Vallejo, sede Lima Norte.<\/p>\n<p>Este encuentro est\u00e1 dirigido a directores, jefes de taller o coordinadores de especialidad, docentes de CETPRO y docentes de Educaci\u00f3n Para el Trabajo (EPT) de nuestra jurisdicci\u00f3n, con el fin de fortalecer competencias y afianzar procesos pedag\u00f3gicos que respondan a las demandas del sector productivo y al desarrollo sostenible.<\/p>\n<p>Con esta jornada descentralizada, la UGEL 04 reafirma su compromiso con la calidad educativa, impulsando estrategias que optimicen la formaci\u00f3n t\u00e9cnico-productiva y brinden mejores oportunidades a nuestros estudiantes.<\/p>\n<p>[\/et_pb_text][\/et_pb_column][\/et_pb_row][\/et_pb_section]<\/p>\n","protected":false},"excerpt":{"rendered":"<p>Con el prop\u00f3sito de asegurar la continuidad de la formaci\u00f3n t\u00e9cnica y tecnol\u00f3gica de los estudiantes, la UGEL 04, en coordinaci\u00f3n con especialistas de la Direcci\u00f3n General de Servicios de [&hellip;]<\/p>\n","protected":false},"author":1,"featured_media":260086,"comment_status":"open","ping_status":"open","sticky":false,"template":"","format":"standard","meta":{"_et_pb_use_builder":"on","_et_pb_old_content":"","_et_gb_content_width":"1080","footnotes":""},"categories":[10],"tags":[],"class_list":["post-260085","post","type-post","status-publish","format-standard","has-post-thumbnail","hentry","category-noticias"],"_links":{"self":[{"href":"https:\/\/ugel04.gob.pe\/home\/wp-json\/wp\/v2\/posts\/260085","targetHints":{"allow":["GET"]}}],"collection":[{"href":"https:\/\/ugel04.gob.pe\/home\/wp-json\/wp\/v2\/posts"}],"about":[{"href":"https:\/\/ugel04.gob.pe\/home\/wp-json\/wp\/v2\/types\/post"}],"author":[{"embeddable":true,"href":"https:\/\/ugel04.gob.pe\/home\/wp-json\/wp\/v2\/users\/1"}],"replies":[{"embeddable":true,"href":"https:\/\/ugel04.gob.pe\/home\/wp-json\/wp\/v2\/comments?post=260085"}],"version-history":[{"count":2,"href":"https:\/\/ugel04.gob.pe\/home\/wp-json\/wp\/v2\/posts\/260085\/revisions"}],"predecessor-version":[{"id":260088,"href":"https:\/\/ugel04.gob.pe\/home\/wp-json\/wp\/v2\/posts\/260085\/revisions\/260088"}],"wp:featuredmedia":[{"embeddable":true,"href":"https:\/\/ugel04.gob.pe\/home\/wp-json\/wp\/v2\/media\/260086"}],"wp:attachment":[{"href":"https:\/\/ugel04.gob.pe\/home\/wp-json\/wp\/v2\/media?parent=260085"}],"wp:term":[{"taxonomy":"category","embeddable":true,"href":"https:\/\/ugel04.gob.pe\/home\/wp-json\/wp\/v2\/categories?post=260085"},{"taxonomy":"post_tag","embeddable":true,"href":"https:\/\/ugel04.gob.pe\/home\/wp-json\/wp\/v2\/tags?post=260085"}],"curies":[{"name":"wp","href":"https:\/\/api.w.org\/{rel}","templated":true}]}}