{"id":260076,"date":"2025-08-12T17:49:32","date_gmt":"2025-08-12T22:49:32","guid":{"rendered":"https:\/\/ugel04.gob.pe\/home\/?p=260076"},"modified":"2025-08-12T17:49:39","modified_gmt":"2025-08-12T22:49:39","slug":"en-ambiente-de-jubilo-se-inaugura-etapa-regional-de-jedpa","status":"publish","type":"post","link":"https:\/\/ugel04.gob.pe\/home\/en-ambiente-de-jubilo-se-inaugura-etapa-regional-de-jedpa\/","title":{"rendered":"EN AMBIENTE DE J\u00daBILO SE INAUGURA ETAPA REGIONAL DE JEDPA"},"content":{"rendered":"<p>[et_pb_section fb_built=\u00bb1&#8243; theme_builder_area=\u00bbpost_content\u00bb _builder_version=\u00bb4.27.4&#8243; _module_preset=\u00bbdefault\u00bb da_is_popup=\u00bboff\u00bb da_exit_intent=\u00bboff\u00bb da_has_close=\u00bbon\u00bb da_alt_close=\u00bboff\u00bb da_dark_close=\u00bboff\u00bb da_not_modal=\u00bbon\u00bb da_is_singular=\u00bboff\u00bb da_with_loader=\u00bboff\u00bb da_has_shadow=\u00bbon\u00bb da_disable_devices=\u00bboff|off|off\u00bb][et_pb_row _builder_version=\u00bb4.27.4&#8243; _module_preset=\u00bbdefault\u00bb theme_builder_area=\u00bbpost_content\u00bb][et_pb_column _builder_version=\u00bb4.27.4&#8243; _module_preset=\u00bbdefault\u00bb type=\u00bb4_4&#8243; theme_builder_area=\u00bbpost_content\u00bb][et_pb_text _builder_version=\u00bb4.27.4&#8243; _module_preset=\u00bbdefault\u00bb theme_builder_area=\u00bbpost_content\u00bb hover_enabled=\u00bb0&#8243; sticky_enabled=\u00bb0&#8243;]<\/p>\n<p>En un ambiente de j\u00fabilo y mucho colorido expresado por cada una de las delegaciones de las siete UGEL de Lima Metropolitana asistentes al coliseo Eduardo Dib\u00f3s de San Borja, se inaugur\u00f3 la etapa regional de los Juegos Escolares Deportivos y Paradeportivos 2025; un evento en el que participar\u00e1n m\u00e1s de dos mil 400 estudiantes, ganadores de la fase UGEL.<\/p>\n<p>Durante la ceremonia oficial, antes de declarar inaugurado el evento, el director regional de educaci\u00f3n de Lima Metropolitana (DRELM) Marcos Tupayachi, agradeci\u00f3 el compromiso de los directivos, docentes y estudiantes en esta fiesta deportiva que muestra las competencias integrales que se imparten en las aulas; asimismo, destac\u00f3 la importancia de los Juegos Escolares Deportivos, por su contribuci\u00f3n a la mejora de la sociedad.<\/p>\n<p>Posteriormente, la estudiante de las IE Miguel de Cervantes de Puente Piedra, Alexa Vega Centeno (16) mundialista con la selecci\u00f3n peruana de voleibol categor\u00eda Sub 17, realiz\u00f3 la toma de juramento deportivo escolar, incidiendo en la necesidad de desarrollar una competencia donde se priorice el juego limpio, la confraternidad y la cohesi\u00f3n de los lazos estudiantiles.<\/p>\n<p>Cabe mencionar, la presencia de la directora de la UGEL 04 Nelly Cunza Pr\u00edncipe, quien junto a funcionarios y servidores de nuestra entidad acompa\u00f1\u00f3 con \u00e1nimo efusivo a las delegaciones estudiantiles durante el pasacalle organizado por la ocasi\u00f3n.<\/p>\n<p>En este contexto, los representantes de la UGEL 04 acompa\u00f1ados de Ugelito, motivaron en todo momento a nuestros escolares que participaran en esta etapa competitiva, elevando su confianza y fe en la obtenci\u00f3n de grandes logros.<\/p>\n<p>El certamen deportivo que re\u00fane a los ganadores de la etapa UGEL, se desarrollar\u00e1 del 13 al 20 de setiembre, en diversos escenarios descentralizados distribuidos por disciplinas:<\/p>\n<ul>\n<li>V\u00f3leibol: Facultad de Ingenier\u00eda y Arquitectura (FIA) \u2013 USMP \u2013 La Molina.<\/li>\n<li>F\u00fatbol: IE Ricardo Palma &#8211; Surquillo y IE Alfonso Ugarte \u2013 San Isidro.<\/li>\n<li>B\u00e1squet: IEP Inmaculada Concepci\u00f3n &#8211; Surco.<\/li>\n<li>Futsal: Polideportivo N\u00b0 1 &#8211; La Videna \u2013 San Luis.<\/li>\n<li>Handball: Colegio Reina del Mundo &#8211; La Molina.<\/li>\n<li>Judo: Nippi Judo Club \u2013 Pueblo Libre.<\/li>\n<li>Tenis de Mesa: Polideportivo N\u00b0 3 \u2013 La Videna \u2013 San Luis.<\/li>\n<li>Ajedrez: DRELM \u2013 La Victoria.<\/li>\n<li>Atletismo \u2013 Para Atletismo: Estadio Atl\u00e9tico de la Videna \u2013 San Luis.<\/li>\n<li>Nataci\u00f3n: Centro Acu\u00e1tico de la Videna \u2013 San Luis.<\/li>\n<\/ul>\n<p>&nbsp;<\/p>\n<p>[\/et_pb_text][\/et_pb_column][\/et_pb_row][\/et_pb_section]<\/p>\n","protected":false},"excerpt":{"rendered":"<p>En un ambiente de j\u00fabilo y mucho colorido expresado por cada una de las delegaciones de las siete UGEL de Lima Metropolitana asistentes al coliseo Eduardo Dib\u00f3s de San Borja, [&hellip;]<\/p>\n","protected":false},"author":1,"featured_media":260077,"comment_status":"open","ping_status":"open","sticky":false,"template":"","format":"standard","meta":{"_et_pb_use_builder":"on","_et_pb_old_content":"","_et_gb_content_width":"1080","footnotes":""},"categories":[10],"tags":[],"class_list":["post-260076","post","type-post","status-publish","format-standard","has-post-thumbnail","hentry","category-noticias"],"_links":{"self":[{"href":"https:\/\/ugel04.gob.pe\/home\/wp-json\/wp\/v2\/posts\/260076","targetHints":{"allow":["GET"]}}],"collection":[{"href":"https:\/\/ugel04.gob.pe\/home\/wp-json\/wp\/v2\/posts"}],"about":[{"href":"https:\/\/ugel04.gob.pe\/home\/wp-json\/wp\/v2\/types\/post"}],"author":[{"embeddable":true,"href":"https:\/\/ugel04.gob.pe\/home\/wp-json\/wp\/v2\/users\/1"}],"replies":[{"embeddable":true,"href":"https:\/\/ugel04.gob.pe\/home\/wp-json\/wp\/v2\/comments?post=260076"}],"version-history":[{"count":2,"href":"https:\/\/ugel04.gob.pe\/home\/wp-json\/wp\/v2\/posts\/260076\/revisions"}],"predecessor-version":[{"id":260079,"href":"https:\/\/ugel04.gob.pe\/home\/wp-json\/wp\/v2\/posts\/260076\/revisions\/260079"}],"wp:featuredmedia":[{"embeddable":true,"href":"https:\/\/ugel04.gob.pe\/home\/wp-json\/wp\/v2\/media\/260077"}],"wp:attachment":[{"href":"https:\/\/ugel04.gob.pe\/home\/wp-json\/wp\/v2\/media?parent=260076"}],"wp:term":[{"taxonomy":"category","embeddable":true,"href":"https:\/\/ugel04.gob.pe\/home\/wp-json\/wp\/v2\/categories?post=260076"},{"taxonomy":"post_tag","embeddable":true,"href":"https:\/\/ugel04.gob.pe\/home\/wp-json\/wp\/v2\/tags?post=260076"}],"curies":[{"name":"wp","href":"https:\/\/api.w.org\/{rel}","templated":true}]}}