{"id":260061,"date":"2025-08-11T16:41:19","date_gmt":"2025-08-11T21:41:19","guid":{"rendered":"https:\/\/ugel04.gob.pe\/home\/?p=260061"},"modified":"2025-08-11T16:41:27","modified_gmt":"2025-08-11T21:41:27","slug":"reunion-interinstitucional-para-fortalecer-la-consulta-nacional-mi-voz-importa","status":"publish","type":"post","link":"https:\/\/ugel04.gob.pe\/home\/reunion-interinstitucional-para-fortalecer-la-consulta-nacional-mi-voz-importa\/","title":{"rendered":"REUNI\u00d3N INTERINSTITUCIONAL PARA FORTALECER LA CONSULTA NACIONAL \u201cMI VOZ IMPORTA\u201d"},"content":{"rendered":"<p>[et_pb_section fb_built=\u00bb1&#8243; theme_builder_area=\u00bbpost_content\u00bb _builder_version=\u00bb4.27.4&#8243; _module_preset=\u00bbdefault\u00bb da_is_popup=\u00bboff\u00bb da_exit_intent=\u00bboff\u00bb da_has_close=\u00bbon\u00bb da_alt_close=\u00bboff\u00bb da_dark_close=\u00bboff\u00bb da_not_modal=\u00bbon\u00bb da_is_singular=\u00bboff\u00bb da_with_loader=\u00bboff\u00bb da_has_shadow=\u00bbon\u00bb da_disable_devices=\u00bboff|off|off\u00bb][et_pb_row _builder_version=\u00bb4.27.4&#8243; _module_preset=\u00bbdefault\u00bb theme_builder_area=\u00bbpost_content\u00bb][et_pb_column _builder_version=\u00bb4.27.4&#8243; _module_preset=\u00bbdefault\u00bb type=\u00bb4_4&#8243; theme_builder_area=\u00bbpost_content\u00bb][et_pb_text _builder_version=\u00bb4.27.4&#8243; _module_preset=\u00bbdefault\u00bb theme_builder_area=\u00bbpost_content\u00bb hover_enabled=\u00bb0&#8243; sticky_enabled=\u00bb0&#8243;]<\/p>\n<p>Con el objetivo de fortalecer la participaci\u00f3n estudiantil en entornos en los que se respete sus derechos, la UGEL 04 a trav\u00e9s de AGEBRE particip\u00f3 en una reuni\u00f3n de trabajo interinstitucional convocada por la asociaci\u00f3n Warmi Huasi, en coordinaci\u00f3n con el Ministerio de la Mujer y Poblaciones Vulnerables (MIMP) y UNICEF, la misma que tuvo como eje central la revisi\u00f3n de los resultados preliminares de la consulta nacional \u201cMi voz importa\u201d, as\u00ed como la planificaci\u00f3n de su pr\u00f3xima edici\u00f3n.<\/p>\n<p>Durante la jornada llevada a cabo en las instalaciones de Warmi Huasi, se intercambiaron propuestas para mejorar el instrumento de consulta, particularmente en lo referido a las preguntas que permitan recoger de forma m\u00e1s precisa las opiniones, preocupaciones y expectativas de ni\u00f1as, ni\u00f1os y adolescentes frente a temas que los afectan, especialmente en el \u00e1mbito educativo y social.<\/p>\n<p>Asimismo, particip\u00f3 una especialista del equipo de Tutor\u00eda y Orientaci\u00f3n Educativa (TOE) de la UGEL 02, lo que permiti\u00f3 compartir experiencias y generar sinergias para un trabajo articulado en favor de los derechos de los estudiantes en Lima Norte.<\/p>\n<p>Como parte de los acuerdos, se defini\u00f3 una nueva reuni\u00f3n para el pr\u00f3ximo 19 de agosto, en la que se abordar\u00e1n acciones concretas para consolidar esta estrategia en las instituciones educativas del \u00e1mbito.<\/p>\n<p>La consulta \u201cMi voz importa\u201d busca reafirmar el derecho de ni\u00f1as, ni\u00f1os y adolescentes a ser escuchados, fomentando su participaci\u00f3n activa y empoderamiento dentro de la comunidad educativa.<\/p>\n<p>&nbsp;<\/p>\n<p>&nbsp;<\/p>\n<p>[\/et_pb_text][\/et_pb_column][\/et_pb_row][\/et_pb_section]<\/p>\n","protected":false},"excerpt":{"rendered":"<p>Con el objetivo de fortalecer la participaci\u00f3n estudiantil en entornos en los que se respete sus derechos, la UGEL 04 a trav\u00e9s de AGEBRE particip\u00f3 en una reuni\u00f3n de trabajo [&hellip;]<\/p>\n","protected":false},"author":1,"featured_media":260062,"comment_status":"open","ping_status":"open","sticky":false,"template":"","format":"standard","meta":{"_et_pb_use_builder":"on","_et_pb_old_content":"","_et_gb_content_width":"1080","footnotes":""},"categories":[10],"tags":[],"class_list":["post-260061","post","type-post","status-publish","format-standard","has-post-thumbnail","hentry","category-noticias"],"_links":{"self":[{"href":"https:\/\/ugel04.gob.pe\/home\/wp-json\/wp\/v2\/posts\/260061","targetHints":{"allow":["GET"]}}],"collection":[{"href":"https:\/\/ugel04.gob.pe\/home\/wp-json\/wp\/v2\/posts"}],"about":[{"href":"https:\/\/ugel04.gob.pe\/home\/wp-json\/wp\/v2\/types\/post"}],"author":[{"embeddable":true,"href":"https:\/\/ugel04.gob.pe\/home\/wp-json\/wp\/v2\/users\/1"}],"replies":[{"embeddable":true,"href":"https:\/\/ugel04.gob.pe\/home\/wp-json\/wp\/v2\/comments?post=260061"}],"version-history":[{"count":2,"href":"https:\/\/ugel04.gob.pe\/home\/wp-json\/wp\/v2\/posts\/260061\/revisions"}],"predecessor-version":[{"id":260064,"href":"https:\/\/ugel04.gob.pe\/home\/wp-json\/wp\/v2\/posts\/260061\/revisions\/260064"}],"wp:featuredmedia":[{"embeddable":true,"href":"https:\/\/ugel04.gob.pe\/home\/wp-json\/wp\/v2\/media\/260062"}],"wp:attachment":[{"href":"https:\/\/ugel04.gob.pe\/home\/wp-json\/wp\/v2\/media?parent=260061"}],"wp:term":[{"taxonomy":"category","embeddable":true,"href":"https:\/\/ugel04.gob.pe\/home\/wp-json\/wp\/v2\/categories?post=260061"},{"taxonomy":"post_tag","embeddable":true,"href":"https:\/\/ugel04.gob.pe\/home\/wp-json\/wp\/v2\/tags?post=260061"}],"curies":[{"name":"wp","href":"https:\/\/api.w.org\/{rel}","templated":true}]}}