{"id":260057,"date":"2025-08-11T16:18:24","date_gmt":"2025-08-11T21:18:24","guid":{"rendered":"https:\/\/ugel04.gob.pe\/home\/?p=260057"},"modified":"2025-08-11T16:19:13","modified_gmt":"2025-08-11T21:19:13","slug":"se-inicia-programa-piloto-wasi-mikuna-desayuno-en-mi-cole-en-ugel-04","status":"publish","type":"post","link":"https:\/\/ugel04.gob.pe\/home\/se-inicia-programa-piloto-wasi-mikuna-desayuno-en-mi-cole-en-ugel-04\/","title":{"rendered":"SE INICIA PROGRAMA PILOTO \u201cWASI MIKUNA\u201d DESAYUNO EN MI COLE EN UGEL 04"},"content":{"rendered":"<p>[et_pb_section fb_built=\u00bb1&#8243; theme_builder_area=\u00bbpost_content\u00bb _builder_version=\u00bb4.27.4&#8243; _module_preset=\u00bbdefault\u00bb da_is_popup=\u00bboff\u00bb da_exit_intent=\u00bboff\u00bb da_has_close=\u00bbon\u00bb da_alt_close=\u00bboff\u00bb da_dark_close=\u00bboff\u00bb da_not_modal=\u00bbon\u00bb da_is_singular=\u00bboff\u00bb da_with_loader=\u00bboff\u00bb da_has_shadow=\u00bbon\u00bb da_disable_devices=\u00bboff|off|off\u00bb][et_pb_row _builder_version=\u00bb4.27.4&#8243; _module_preset=\u00bbdefault\u00bb theme_builder_area=\u00bbpost_content\u00bb][et_pb_column _builder_version=\u00bb4.27.4&#8243; _module_preset=\u00bbdefault\u00bb type=\u00bb4_4&#8243; theme_builder_area=\u00bbpost_content\u00bb][et_pb_text _builder_version=\u00bb4.27.4&#8243; _module_preset=\u00bbdefault\u00bb theme_builder_area=\u00bbpost_content\u00bb hover_enabled=\u00bb0&#8243; sticky_enabled=\u00bb0&#8243;]<\/p>\n<p>La directora de la UGEL 04, Nelly Cunza, visit\u00f3 la IEI Jardines de Copacabana I, en Puente Piedra, donde se dio inicio el programa piloto \u201cWasi Mikuna \u2013 Desayuno en mi cole\u201d, iniciativa del Ministerio de Desarrollo e Inclusi\u00f3n Social que busca garantizar una alimentaci\u00f3n variada y nutritiva para los estudiantes de inicial y primaria de escuelas p\u00fablicas, mediante la preparaci\u00f3n de los alimentos en las propias escuelas.<\/p>\n<p>El objetivo es mejorar el rendimiento f\u00edsico y mental de los escolares, favorecer su concentraci\u00f3n en clases, reducir el cansancio y evitar periodos prolongados sin ingerir alimentos.<\/p>\n<p>Este piloto contempla que los desayunos se preparen diariamente en los espacios de cocina de las mismas instituciones educativas -implementadas durante su construcci\u00f3n por el Fondo de Cooperaci\u00f3n para el Desarrollo Social (Foncodes)- por concesionarios seleccionados debidamente, estos deber\u00e1n encargarse de la compra, de la preparaci\u00f3n y de la distribuci\u00f3n de los alimentos dentro de la escuela<\/p>\n<p>Cabe destacar que en la jurisdicci\u00f3n de la UGEL 04, el programa se aplica en ocho instituciones: IEI 331 Divino Ni\u00f1o de Jes\u00fas, IE 585 Bella Aurora, IE 5167 V\u00edctor Ra\u00fal Haya de la Torre, IEI Jardines de Copacabana I, IE 332, IEI 590 Estrellita Luminosa (Puente Piedra); IEI 337 San Garar\u00e1 (Comas) y la IEI 330 (Anc\u00f3n).<\/p>\n<p>&nbsp;<\/p>\n<p>[\/et_pb_text][\/et_pb_column][\/et_pb_row][\/et_pb_section]<\/p>\n","protected":false},"excerpt":{"rendered":"<p>La directora de la UGEL 04, Nelly Cunza, visit\u00f3 la IEI Jardines de Copacabana I, en Puente Piedra, donde se dio inicio el programa piloto \u201cWasi Mikuna \u2013 Desayuno en [&hellip;]<\/p>\n","protected":false},"author":1,"featured_media":260058,"comment_status":"open","ping_status":"open","sticky":false,"template":"","format":"standard","meta":{"_et_pb_use_builder":"on","_et_pb_old_content":"","_et_gb_content_width":"1080","footnotes":""},"categories":[10],"tags":[],"class_list":["post-260057","post","type-post","status-publish","format-standard","has-post-thumbnail","hentry","category-noticias"],"_links":{"self":[{"href":"https:\/\/ugel04.gob.pe\/home\/wp-json\/wp\/v2\/posts\/260057","targetHints":{"allow":["GET"]}}],"collection":[{"href":"https:\/\/ugel04.gob.pe\/home\/wp-json\/wp\/v2\/posts"}],"about":[{"href":"https:\/\/ugel04.gob.pe\/home\/wp-json\/wp\/v2\/types\/post"}],"author":[{"embeddable":true,"href":"https:\/\/ugel04.gob.pe\/home\/wp-json\/wp\/v2\/users\/1"}],"replies":[{"embeddable":true,"href":"https:\/\/ugel04.gob.pe\/home\/wp-json\/wp\/v2\/comments?post=260057"}],"version-history":[{"count":2,"href":"https:\/\/ugel04.gob.pe\/home\/wp-json\/wp\/v2\/posts\/260057\/revisions"}],"predecessor-version":[{"id":260060,"href":"https:\/\/ugel04.gob.pe\/home\/wp-json\/wp\/v2\/posts\/260057\/revisions\/260060"}],"wp:featuredmedia":[{"embeddable":true,"href":"https:\/\/ugel04.gob.pe\/home\/wp-json\/wp\/v2\/media\/260058"}],"wp:attachment":[{"href":"https:\/\/ugel04.gob.pe\/home\/wp-json\/wp\/v2\/media?parent=260057"}],"wp:term":[{"taxonomy":"category","embeddable":true,"href":"https:\/\/ugel04.gob.pe\/home\/wp-json\/wp\/v2\/categories?post=260057"},{"taxonomy":"post_tag","embeddable":true,"href":"https:\/\/ugel04.gob.pe\/home\/wp-json\/wp\/v2\/tags?post=260057"}],"curies":[{"name":"wp","href":"https:\/\/api.w.org\/{rel}","templated":true}]}}