{"id":260042,"date":"2025-08-08T16:36:37","date_gmt":"2025-08-08T21:36:37","guid":{"rendered":"https:\/\/ugel04.gob.pe\/home\/?p=260042"},"modified":"2025-08-08T16:36:44","modified_gmt":"2025-08-08T21:36:44","slug":"concluye-con-exito-tercera-asistencia-tecnica-descentralizada-para-docentes","status":"publish","type":"post","link":"https:\/\/ugel04.gob.pe\/home\/concluye-con-exito-tercera-asistencia-tecnica-descentralizada-para-docentes\/","title":{"rendered":"CONCLUYE CON \u00c9XITO TERCERA ASISTENCIA T\u00c9CNICA DESCENTRALIZADA PARA DOCENTES"},"content":{"rendered":"<p>[et_pb_section fb_built=\u00bb1&#8243; theme_builder_area=\u00bbpost_content\u00bb _builder_version=\u00bb4.27.4&#8243; _module_preset=\u00bbdefault\u00bb da_is_popup=\u00bboff\u00bb da_exit_intent=\u00bboff\u00bb da_has_close=\u00bbon\u00bb da_alt_close=\u00bboff\u00bb da_dark_close=\u00bboff\u00bb da_not_modal=\u00bbon\u00bb da_is_singular=\u00bboff\u00bb da_with_loader=\u00bboff\u00bb da_has_shadow=\u00bbon\u00bb da_disable_devices=\u00bboff|off|off\u00bb][et_pb_row _builder_version=\u00bb4.27.4&#8243; _module_preset=\u00bbdefault\u00bb theme_builder_area=\u00bbpost_content\u00bb][et_pb_column _builder_version=\u00bb4.27.4&#8243; _module_preset=\u00bbdefault\u00bb type=\u00bb4_4&#8243; theme_builder_area=\u00bbpost_content\u00bb][et_pb_text _builder_version=\u00bb4.27.4&#8243; _module_preset=\u00bbdefault\u00bb theme_builder_area=\u00bbpost_content\u00bb hover_enabled=\u00bb0&#8243; sticky_enabled=\u00bb0&#8243;]<\/p>\n<p>Tras varios d\u00edas de intensas jornadas pedag\u00f3gicas, concluy\u00f3 la tercera edici\u00f3n de la Asistencia T\u00e9cnica Descentralizada, dictada por la UGEL 04 a trav\u00e9s de los especialistas en educaci\u00f3n de AGEBRE, a unos 5,000 docentes de Inicial, Primaria, Secundaria, de EBR, EBE y de Innovaci\u00f3n Pedag\u00f3gica, quienes fortalecieron sus competencias profesionales.<\/p>\n<p>Las sesiones fueron dise\u00f1adas a partir de las necesidades identificadas en los procesos de monitoreo y acompa\u00f1amiento, con el objetivo de mejorar la planificaci\u00f3n por competencias, la retroalimentaci\u00f3n efectiva y la atenci\u00f3n personalizada a los estudiantes.<\/p>\n<p>Las capacitaciones se llevaron en instituciones educativas p\u00fablicas descentralizadas ubicadas en Comas, Carabayllo, Puente Piedra, Santa Rosa y Anc\u00f3n, reafirmando el compromiso de UGEL 04 por acercar la formaci\u00f3n docente al territorio.<\/p>\n<p>Adem\u00e1s, contamos con la participaci\u00f3n de la Direcci\u00f3n de Innovaci\u00f3n Tecnol\u00f3gica en Educaci\u00f3n (DITE) del MINEDU, que capacit\u00f3 a los docentes de innovaci\u00f3n pedag\u00f3gica, impulsando la transformaci\u00f3n educativa en escuelas focalizadas.<\/p>\n<p>Esta estrategia, impulsada desde AGEBRE, marca un importante precedente en el acompa\u00f1amiento pedag\u00f3gico del a\u00f1o escolar 2025, que apuesta por una mejora continua desde la pr\u00e1ctica docente.<\/p>\n<p>[\/et_pb_text][\/et_pb_column][\/et_pb_row][\/et_pb_section]<\/p>\n","protected":false},"excerpt":{"rendered":"<p>Tras varios d\u00edas de intensas jornadas pedag\u00f3gicas, concluy\u00f3 la tercera edici\u00f3n de la Asistencia T\u00e9cnica Descentralizada, dictada por la UGEL 04 a trav\u00e9s de los especialistas en educaci\u00f3n de AGEBRE, [&hellip;]<\/p>\n","protected":false},"author":1,"featured_media":260043,"comment_status":"open","ping_status":"open","sticky":false,"template":"","format":"standard","meta":{"_et_pb_use_builder":"on","_et_pb_old_content":"","_et_gb_content_width":"1080","footnotes":""},"categories":[10],"tags":[],"class_list":["post-260042","post","type-post","status-publish","format-standard","has-post-thumbnail","hentry","category-noticias"],"_links":{"self":[{"href":"https:\/\/ugel04.gob.pe\/home\/wp-json\/wp\/v2\/posts\/260042","targetHints":{"allow":["GET"]}}],"collection":[{"href":"https:\/\/ugel04.gob.pe\/home\/wp-json\/wp\/v2\/posts"}],"about":[{"href":"https:\/\/ugel04.gob.pe\/home\/wp-json\/wp\/v2\/types\/post"}],"author":[{"embeddable":true,"href":"https:\/\/ugel04.gob.pe\/home\/wp-json\/wp\/v2\/users\/1"}],"replies":[{"embeddable":true,"href":"https:\/\/ugel04.gob.pe\/home\/wp-json\/wp\/v2\/comments?post=260042"}],"version-history":[{"count":2,"href":"https:\/\/ugel04.gob.pe\/home\/wp-json\/wp\/v2\/posts\/260042\/revisions"}],"predecessor-version":[{"id":260045,"href":"https:\/\/ugel04.gob.pe\/home\/wp-json\/wp\/v2\/posts\/260042\/revisions\/260045"}],"wp:featuredmedia":[{"embeddable":true,"href":"https:\/\/ugel04.gob.pe\/home\/wp-json\/wp\/v2\/media\/260043"}],"wp:attachment":[{"href":"https:\/\/ugel04.gob.pe\/home\/wp-json\/wp\/v2\/media?parent=260042"}],"wp:term":[{"taxonomy":"category","embeddable":true,"href":"https:\/\/ugel04.gob.pe\/home\/wp-json\/wp\/v2\/categories?post=260042"},{"taxonomy":"post_tag","embeddable":true,"href":"https:\/\/ugel04.gob.pe\/home\/wp-json\/wp\/v2\/tags?post=260042"}],"curies":[{"name":"wp","href":"https:\/\/api.w.org\/{rel}","templated":true}]}}