{"id":259999,"date":"2025-08-01T16:32:43","date_gmt":"2025-08-01T21:32:43","guid":{"rendered":"https:\/\/ugel04.gob.pe\/home\/?p=259999"},"modified":"2025-08-01T16:34:17","modified_gmt":"2025-08-01T21:34:17","slug":"capacitan-a-brigadistas-de-emergencia-de-ugel-04-para-responder-ante-desastres-o-eventos-anomalos","status":"publish","type":"post","link":"https:\/\/ugel04.gob.pe\/home\/capacitan-a-brigadistas-de-emergencia-de-ugel-04-para-responder-ante-desastres-o-eventos-anomalos\/","title":{"rendered":"CAPACITAN A BRIGADISTAS DE EMERGENCIA DE UGEL 04 PARA RESPONDER ANTE DESASTRES O EVENTOS AN\u00d3MALOS"},"content":{"rendered":"<p>[et_pb_section fb_built=\u00bb1&#8243; theme_builder_area=\u00bbpost_content\u00bb _builder_version=\u00bb4.27.4&#8243; _module_preset=\u00bbdefault\u00bb da_is_popup=\u00bboff\u00bb da_exit_intent=\u00bboff\u00bb da_has_close=\u00bbon\u00bb da_alt_close=\u00bboff\u00bb da_dark_close=\u00bboff\u00bb da_not_modal=\u00bbon\u00bb da_is_singular=\u00bboff\u00bb da_with_loader=\u00bboff\u00bb da_has_shadow=\u00bbon\u00bb da_disable_devices=\u00bboff|off|off\u00bb][et_pb_row _builder_version=\u00bb4.27.4&#8243; _module_preset=\u00bbdefault\u00bb theme_builder_area=\u00bbpost_content\u00bb][et_pb_column _builder_version=\u00bb4.27.4&#8243; _module_preset=\u00bbdefault\u00bb type=\u00bb4_4&#8243; theme_builder_area=\u00bbpost_content\u00bb][et_pb_text _builder_version=\u00bb4.27.4&#8243; _module_preset=\u00bbdefault\u00bb theme_builder_area=\u00bbpost_content\u00bb hover_enabled=\u00bb0&#8243; sticky_enabled=\u00bb0&#8243;]<\/p>\n<p>Servidores p\u00fablicos de la nuestra sede institucional integrantes de la Brigada de Emergencia UGEL 04, sostuvieron la primera reuni\u00f3n de trabajo conjunta, organizada por el equipo de Bienestar y Talento Humano, con la finalidad de conocer los conceptos b\u00e1sicos de prevenci\u00f3n y acci\u00f3n ante posibles eventualidades an\u00f3malas que puedan suceder como consecuencia de la naturaleza o de los accidentes laborales.<\/p>\n<p>Durante la jornada, la ingeniera de seguridad y el m\u00e9dico de la UGEL 04, brindaron orientaciones y capacitaci\u00f3n te\u00f3rico pr\u00e1ctica a nuestros brigadistas en temas vinculados a primeros auxilios, accionar contra incendios y desastres; as\u00ed como, la responsabilidad de evacuaci\u00f3n y apoyo durante los desastres naturales.<\/p>\n<p>En este contexto, los brigadistas presentes llevaron a cabo pr\u00e1cticas de simulaci\u00f3n sobre Reanimaci\u00f3n Cardiopulmonar (RCP) que combina la realizaci\u00f3n de compresiones tor\u00e1cicas y respiraci\u00f3n artificial, para ayudar a las personas que dejaron de respirar o cuyo coraz\u00f3n dej\u00f3 de latir (paro cardiaco o paro respiratorio).<\/p>\n<p>Asimismo, desarrollaron recreaciones vivenciales de la maniobra de Heimlich, procedimiento de primeros auxilios que se utiliza para desatascar las v\u00edas respiratorias de una persona que se est\u00e1 ahogando; una t\u00e9cnica de primeros auxilios vital que puede salvar vidas.<\/p>\n<p>Cabe resaltar que, la formaci\u00f3n de la Brigada de Emergencia de la UGEL 04, cumple un rol trascendental en el proceso de mejora de las condiciones laborales y protecci\u00f3n de la integridad de los servidores administrativos; as\u00ed como, de los usuarios de nuestra entidad.<\/p>\n<p>En este contexto, nuestros brigadistas continuar\u00e1n reuni\u00e9ndose de manera frecuentes, a fin de cohesionar acciones de prevenci\u00f3n, resguardo y reacci\u00f3n ante los eventos de emergencia, acorde al Plan de Contingencia a elaborarse en breve, el cual garantizar\u00e1 una respuesta organizada y efectiva para minimizar los da\u00f1os.<\/p>\n<p>&nbsp;<\/p>\n<p>&nbsp;<\/p>\n<p>[\/et_pb_text][\/et_pb_column][\/et_pb_row][\/et_pb_section]<\/p>\n","protected":false},"excerpt":{"rendered":"<p>Servidores p\u00fablicos de la nuestra sede institucional integrantes de la Brigada de Emergencia UGEL 04, sostuvieron la primera reuni\u00f3n de trabajo conjunta, organizada por el equipo de Bienestar y Talento [&hellip;]<\/p>\n","protected":false},"author":1,"featured_media":260000,"comment_status":"open","ping_status":"open","sticky":false,"template":"","format":"standard","meta":{"_et_pb_use_builder":"on","_et_pb_old_content":"","_et_gb_content_width":"1080","footnotes":""},"categories":[10],"tags":[],"class_list":["post-259999","post","type-post","status-publish","format-standard","has-post-thumbnail","hentry","category-noticias"],"_links":{"self":[{"href":"https:\/\/ugel04.gob.pe\/home\/wp-json\/wp\/v2\/posts\/259999","targetHints":{"allow":["GET"]}}],"collection":[{"href":"https:\/\/ugel04.gob.pe\/home\/wp-json\/wp\/v2\/posts"}],"about":[{"href":"https:\/\/ugel04.gob.pe\/home\/wp-json\/wp\/v2\/types\/post"}],"author":[{"embeddable":true,"href":"https:\/\/ugel04.gob.pe\/home\/wp-json\/wp\/v2\/users\/1"}],"replies":[{"embeddable":true,"href":"https:\/\/ugel04.gob.pe\/home\/wp-json\/wp\/v2\/comments?post=259999"}],"version-history":[{"count":2,"href":"https:\/\/ugel04.gob.pe\/home\/wp-json\/wp\/v2\/posts\/259999\/revisions"}],"predecessor-version":[{"id":260002,"href":"https:\/\/ugel04.gob.pe\/home\/wp-json\/wp\/v2\/posts\/259999\/revisions\/260002"}],"wp:featuredmedia":[{"embeddable":true,"href":"https:\/\/ugel04.gob.pe\/home\/wp-json\/wp\/v2\/media\/260000"}],"wp:attachment":[{"href":"https:\/\/ugel04.gob.pe\/home\/wp-json\/wp\/v2\/media?parent=259999"}],"wp:term":[{"taxonomy":"category","embeddable":true,"href":"https:\/\/ugel04.gob.pe\/home\/wp-json\/wp\/v2\/categories?post=259999"},{"taxonomy":"post_tag","embeddable":true,"href":"https:\/\/ugel04.gob.pe\/home\/wp-json\/wp\/v2\/tags?post=259999"}],"curies":[{"name":"wp","href":"https:\/\/api.w.org\/{rel}","templated":true}]}}