{"id":259993,"date":"2025-07-31T17:47:32","date_gmt":"2025-07-31T22:47:32","guid":{"rendered":"https:\/\/ugel04.gob.pe\/home\/?p=259993"},"modified":"2025-07-31T17:47:52","modified_gmt":"2025-07-31T22:47:52","slug":"se-inicia-tercera-jornada-de-asistencia-tecnica-descentralizada-y-especializada-para-docentes-de-eber-y-eba","status":"publish","type":"post","link":"https:\/\/ugel04.gob.pe\/home\/se-inicia-tercera-jornada-de-asistencia-tecnica-descentralizada-y-especializada-para-docentes-de-eber-y-eba\/","title":{"rendered":"SE INICIA TERCERA JORNADA DE ASISTENCIA T\u00c9CNICA DESCENTRALIZADA Y ESPECIALIZADA PARA DOCENTES DE EBER Y EBA"},"content":{"rendered":"<p>[et_pb_section fb_built=\u00bb1&#8243; theme_builder_area=\u00bbpost_content\u00bb _builder_version=\u00bb4.27.4&#8243; _module_preset=\u00bbdefault\u00bb da_is_popup=\u00bboff\u00bb da_exit_intent=\u00bboff\u00bb da_has_close=\u00bbon\u00bb da_alt_close=\u00bboff\u00bb da_dark_close=\u00bboff\u00bb da_not_modal=\u00bbon\u00bb da_is_singular=\u00bboff\u00bb da_with_loader=\u00bboff\u00bb da_has_shadow=\u00bbon\u00bb da_disable_devices=\u00bboff|off|off\u00bb][et_pb_row _builder_version=\u00bb4.27.4&#8243; _module_preset=\u00bbdefault\u00bb theme_builder_area=\u00bbpost_content\u00bb][et_pb_column _builder_version=\u00bb4.27.4&#8243; _module_preset=\u00bbdefault\u00bb type=\u00bb4_4&#8243; theme_builder_area=\u00bbpost_content\u00bb][et_pb_text _builder_version=\u00bb4.27.4&#8243; _module_preset=\u00bbdefault\u00bb theme_builder_area=\u00bbpost_content\u00bb hover_enabled=\u00bb0&#8243; sticky_enabled=\u00bb0&#8243;]<\/p>\n<p>En el marco de las actividades correspondientes al tercer bloque de la Semana de Gesti\u00f3n, la UGEL 04, a trav\u00e9s del equipo de AGEBRE, viene desarrollando la tercera asistencia t\u00e9cnica descentralizada dirigida a docentes de las instituciones educativas p\u00fablicas pertenecientes a la Educaci\u00f3n B\u00e1sica Regular (EBR) y Educaci\u00f3n B\u00e1sica Especial (EBE).<\/p>\n<p>La jornada inici\u00f3 en la IE 3088 Vista Alegre, en el distrito de Puente Piedra, con la participaci\u00f3n de docentes de nivel inicial, primaria y secundaria de los distritos de Anc\u00f3n y Santa Rosa, quienes reforzaron sus conocimientos sobre el Dise\u00f1o Curricular Nacional, as\u00ed como, sobre la evaluaci\u00f3n formativa con enfoque por competencias.<\/p>\n<p>Esta capacitaci\u00f3n a cargo de los especialistas en educaci\u00f3n de AGBEBRE \u2013 UGEL 04, tiene como objetivo fortalecer la pr\u00e1ctica pedag\u00f3gica, la retroalimentaci\u00f3n efectiva, la planificaci\u00f3n por competencias y el trabajo personalizado con los estudiantes, los mismos que deben aplicarse de forma efectiva en el semestre acad\u00e9mico venidero.<\/p>\n<p><strong>Pr\u00f3ximas fechas y sedes:<\/strong><\/p>\n<p>01 de agosto: Docentes de Puente Piedra \u2013 IE 3058 Virgen de F\u00e1tima<\/p>\n<p>04 de agosto: Docentes de Carabayllo \u2013 IE 2051<\/p>\n<p>05 de agosto: Docentes de Comas \u2013 IE 2026 Sim\u00f3n Bol\u00edvar<\/p>\n<p>07 de agosto docentes de comas \u2013 2026 Sim\u00f3n Bol\u00edvar<\/p>\n<p>Nuestros maestros siguen capacit\u00e1ndose con compromiso y vocaci\u00f3n para seguir transformando la educaci\u00f3n en nuestra jurisdicci\u00f3n.<\/p>\n<p>[\/et_pb_text][\/et_pb_column][\/et_pb_row][\/et_pb_section]<\/p>\n","protected":false},"excerpt":{"rendered":"<p>En el marco de las actividades correspondientes al tercer bloque de la Semana de Gesti\u00f3n, la UGEL 04, a trav\u00e9s del equipo de AGEBRE, viene desarrollando la tercera asistencia t\u00e9cnica [&hellip;]<\/p>\n","protected":false},"author":1,"featured_media":259994,"comment_status":"open","ping_status":"open","sticky":false,"template":"","format":"standard","meta":{"_et_pb_use_builder":"on","_et_pb_old_content":"","_et_gb_content_width":"1080","footnotes":""},"categories":[10],"tags":[],"class_list":["post-259993","post","type-post","status-publish","format-standard","has-post-thumbnail","hentry","category-noticias"],"_links":{"self":[{"href":"https:\/\/ugel04.gob.pe\/home\/wp-json\/wp\/v2\/posts\/259993","targetHints":{"allow":["GET"]}}],"collection":[{"href":"https:\/\/ugel04.gob.pe\/home\/wp-json\/wp\/v2\/posts"}],"about":[{"href":"https:\/\/ugel04.gob.pe\/home\/wp-json\/wp\/v2\/types\/post"}],"author":[{"embeddable":true,"href":"https:\/\/ugel04.gob.pe\/home\/wp-json\/wp\/v2\/users\/1"}],"replies":[{"embeddable":true,"href":"https:\/\/ugel04.gob.pe\/home\/wp-json\/wp\/v2\/comments?post=259993"}],"version-history":[{"count":2,"href":"https:\/\/ugel04.gob.pe\/home\/wp-json\/wp\/v2\/posts\/259993\/revisions"}],"predecessor-version":[{"id":259996,"href":"https:\/\/ugel04.gob.pe\/home\/wp-json\/wp\/v2\/posts\/259993\/revisions\/259996"}],"wp:featuredmedia":[{"embeddable":true,"href":"https:\/\/ugel04.gob.pe\/home\/wp-json\/wp\/v2\/media\/259994"}],"wp:attachment":[{"href":"https:\/\/ugel04.gob.pe\/home\/wp-json\/wp\/v2\/media?parent=259993"}],"wp:term":[{"taxonomy":"category","embeddable":true,"href":"https:\/\/ugel04.gob.pe\/home\/wp-json\/wp\/v2\/categories?post=259993"},{"taxonomy":"post_tag","embeddable":true,"href":"https:\/\/ugel04.gob.pe\/home\/wp-json\/wp\/v2\/tags?post=259993"}],"curies":[{"name":"wp","href":"https:\/\/api.w.org\/{rel}","templated":true}]}}