{"id":259989,"date":"2025-07-31T17:36:41","date_gmt":"2025-07-31T22:36:41","guid":{"rendered":"https:\/\/ugel04.gob.pe\/home\/?p=259989"},"modified":"2025-07-31T17:36:48","modified_gmt":"2025-07-31T22:36:48","slug":"reunion-extraordinaria-con-coordinadores-de-rei-para-fortalecer-gestion-pedagogica-y-convivencia-escolar","status":"publish","type":"post","link":"https:\/\/ugel04.gob.pe\/home\/reunion-extraordinaria-con-coordinadores-de-rei-para-fortalecer-gestion-pedagogica-y-convivencia-escolar\/","title":{"rendered":"REUNI\u00d3N EXTRAORDINARIA CON COORDINADORES DE REI PARA FORTALECER GESTI\u00d3N PEDAG\u00d3GICA Y CONVIVENCIA ESCOLAR"},"content":{"rendered":"<p>[et_pb_section fb_built=\u00bb1&#8243; theme_builder_area=\u00bbpost_content\u00bb _builder_version=\u00bb4.27.4&#8243; _module_preset=\u00bbdefault\u00bb da_is_popup=\u00bboff\u00bb da_exit_intent=\u00bboff\u00bb da_has_close=\u00bbon\u00bb da_alt_close=\u00bboff\u00bb da_dark_close=\u00bboff\u00bb da_not_modal=\u00bbon\u00bb da_is_singular=\u00bboff\u00bb da_with_loader=\u00bboff\u00bb da_has_shadow=\u00bbon\u00bb da_disable_devices=\u00bboff|off|off\u00bb][et_pb_row _builder_version=\u00bb4.27.4&#8243; _module_preset=\u00bbdefault\u00bb theme_builder_area=\u00bbpost_content\u00bb][et_pb_column _builder_version=\u00bb4.27.4&#8243; _module_preset=\u00bbdefault\u00bb type=\u00bb4_4&#8243; theme_builder_area=\u00bbpost_content\u00bb][et_pb_text _builder_version=\u00bb4.27.4&#8243; _module_preset=\u00bbdefault\u00bb theme_builder_area=\u00bbpost_content\u00bb hover_enabled=\u00bb0&#8243; sticky_enabled=\u00bb0&#8243;]<\/p>\n<p>Con la finalidad de coordinar diversos temas destinados a fortalecer la gesti\u00f3n pedag\u00f3gica y administrativa en las escuelas p\u00fablicas, la directora de la UGEL 04 Nelly Cunza Pr\u00edncipe y funcionarios de ASGESE sostuvieron una importante reuni\u00f3n extraordinaria de trabajo con los directores coordinadores de las 20 Redes Educativas Institucionales (REI) de nuestra jurisdicci\u00f3n.<\/p>\n<p>Durante la cita llevada a cabo en la sala COE de nuestra entidad, se abord\u00f3 como uno de los puntos centrales de agenda, la presentaci\u00f3n del Balance Intermedio de la Matriz Operativa Local de Convivencia Escolar \u2013 UGEL 04, por parte del especialista de Uriel Boza de Asgese, quien destac\u00f3 el rol que vienen cumpliendo los Comit\u00e9s de Gesti\u00f3n del Bienestar de las IE, para prevenir y garantizar el fortalecimiento de la convivencia interna en los planteles.<\/p>\n<p>En este sentido, inform\u00f3 que han sido focalizados 45 colegios en la jurisdicci\u00f3n de la UGEL 04, en los cuales se viene fomentando el cumplimiento del plan TOECE, con actividades de tutor\u00eda, actividades de convivencia y trabajo coordinado con las familias y estudiantes, las cuales tienen como objetivo final la mejora de los aprendizajes en ambientes amables y seguros.<\/p>\n<p>Cabe destacar, la intervenci\u00f3n de la directora Nelly Cunza, quien invoc\u00f3 a los directivos presentes la necesidad de aplicar de manera correcta la normativa vigente a fin de gestionar de manera fruct\u00edfera la convivencia en las escuelas y garantizar el cumplimiento de los objetivos pedag\u00f3gicos.<\/p>\n<p>Asimismo, se abordaron otros temas prioritarios como:<\/p>\n<ul>\n<li>Coordinaciones APAFA y Direcci\u00f3n de la Instituci\u00f3n educativa.<\/li>\n<li>Participaci\u00f3n estudiantil en la gesti\u00f3n.<\/li>\n<li>Programa JUNTOS Lima Norte.<\/li>\n<li>Materiales de limpieza y de oficina.<\/li>\n<li>Acciones adoptadas sobre IIEE declaradas inhabitables.<\/li>\n<\/ul>\n<p>&nbsp;<\/p>\n<p>Al respecto, se destacaron las acciones a realizar, los logros que se vienen alcanzando y los desaf\u00edos a superar.<\/p>\n<p>Como se sabe, las reuniones ordinarias con las REI continuar\u00e1n desarroll\u00e1ndose de forma mensual, con el prop\u00f3sito de establecer criterios que promuevan una comunicaci\u00f3n fluida y permanente para contribuir a la mejora de los ambientes escolares y al logro de los aprendizajes de los estudiantes.<\/p>\n<p>[\/et_pb_text][\/et_pb_column][\/et_pb_row][\/et_pb_section]<\/p>\n","protected":false},"excerpt":{"rendered":"<p>Con la finalidad de coordinar diversos temas destinados a fortalecer la gesti\u00f3n pedag\u00f3gica y administrativa en las escuelas p\u00fablicas, la directora de la UGEL 04 Nelly Cunza Pr\u00edncipe y funcionarios [&hellip;]<\/p>\n","protected":false},"author":1,"featured_media":259990,"comment_status":"open","ping_status":"open","sticky":false,"template":"","format":"standard","meta":{"_et_pb_use_builder":"on","_et_pb_old_content":"","_et_gb_content_width":"1080","footnotes":""},"categories":[10],"tags":[],"class_list":["post-259989","post","type-post","status-publish","format-standard","has-post-thumbnail","hentry","category-noticias"],"_links":{"self":[{"href":"https:\/\/ugel04.gob.pe\/home\/wp-json\/wp\/v2\/posts\/259989","targetHints":{"allow":["GET"]}}],"collection":[{"href":"https:\/\/ugel04.gob.pe\/home\/wp-json\/wp\/v2\/posts"}],"about":[{"href":"https:\/\/ugel04.gob.pe\/home\/wp-json\/wp\/v2\/types\/post"}],"author":[{"embeddable":true,"href":"https:\/\/ugel04.gob.pe\/home\/wp-json\/wp\/v2\/users\/1"}],"replies":[{"embeddable":true,"href":"https:\/\/ugel04.gob.pe\/home\/wp-json\/wp\/v2\/comments?post=259989"}],"version-history":[{"count":2,"href":"https:\/\/ugel04.gob.pe\/home\/wp-json\/wp\/v2\/posts\/259989\/revisions"}],"predecessor-version":[{"id":259992,"href":"https:\/\/ugel04.gob.pe\/home\/wp-json\/wp\/v2\/posts\/259989\/revisions\/259992"}],"wp:featuredmedia":[{"embeddable":true,"href":"https:\/\/ugel04.gob.pe\/home\/wp-json\/wp\/v2\/media\/259990"}],"wp:attachment":[{"href":"https:\/\/ugel04.gob.pe\/home\/wp-json\/wp\/v2\/media?parent=259989"}],"wp:term":[{"taxonomy":"category","embeddable":true,"href":"https:\/\/ugel04.gob.pe\/home\/wp-json\/wp\/v2\/categories?post=259989"},{"taxonomy":"post_tag","embeddable":true,"href":"https:\/\/ugel04.gob.pe\/home\/wp-json\/wp\/v2\/tags?post=259989"}],"curies":[{"name":"wp","href":"https:\/\/api.w.org\/{rel}","templated":true}]}}