{"id":259974,"date":"2025-07-25T17:02:04","date_gmt":"2025-07-25T22:02:04","guid":{"rendered":"https:\/\/ugel04.gob.pe\/home\/?p=259974"},"modified":"2025-07-25T17:02:11","modified_gmt":"2025-07-25T22:02:11","slug":"equipo-de-futsal-de-ie-2040-republica-de-cuba-clasifica-a-etapa-regional-en-juegos-deportivos-escolares","status":"publish","type":"post","link":"https:\/\/ugel04.gob.pe\/home\/equipo-de-futsal-de-ie-2040-republica-de-cuba-clasifica-a-etapa-regional-en-juegos-deportivos-escolares\/","title":{"rendered":"EQUIPO DE FUTSAL DE IE 2040 REP\u00daBLICA DE CUBA CLASIFICA A ETAPA REGIONAL EN JUEGOS DEPORTIVOS ESCOLARES"},"content":{"rendered":"<p>[et_pb_section fb_built=\u00bb1&#8243; theme_builder_area=\u00bbpost_content\u00bb _builder_version=\u00bb4.27.4&#8243; _module_preset=\u00bbdefault\u00bb da_is_popup=\u00bboff\u00bb da_exit_intent=\u00bboff\u00bb da_has_close=\u00bbon\u00bb da_alt_close=\u00bboff\u00bb da_dark_close=\u00bboff\u00bb da_not_modal=\u00bbon\u00bb da_is_singular=\u00bboff\u00bb da_with_loader=\u00bboff\u00bb da_has_shadow=\u00bbon\u00bb da_disable_devices=\u00bboff|off|off\u00bb][et_pb_row _builder_version=\u00bb4.27.4&#8243; _module_preset=\u00bbdefault\u00bb theme_builder_area=\u00bbpost_content\u00bb][et_pb_column _builder_version=\u00bb4.27.4&#8243; _module_preset=\u00bbdefault\u00bb type=\u00bb4_4&#8243; theme_builder_area=\u00bbpost_content\u00bb][et_pb_text _builder_version=\u00bb4.27.4&#8243; _module_preset=\u00bbdefault\u00bb theme_builder_area=\u00bbpost_content\u00bb hover_enabled=\u00bb0&#8243; sticky_enabled=\u00bb0&#8243;]<\/p>\n<p>Con orgullo y entusiasmo, la IE 2040 Rep\u00fablica de Cuba del distrito de Comas celebra el reciente logro de su equipo de futsal masculino categor\u00eda B, que se coron\u00f3 campe\u00f3n en la etapa UGEL de los Juegos Deportivos y Escolares Nacionales 2025, luego de vencer en la gran final por 7goles a 4, a la IE Jos\u00e9 Mar\u00eda Arguedas de Carabayllo.<\/p>\n<p>La IE 2040 consigui\u00f3 este importante objetivo tras superar a 19 contrincantes, pertenecientes a las escuelas p\u00fablicas y privadas de nuestra jurisdicci\u00f3n participantes en el certamen deportivo que organiza Minedu.<\/p>\n<p>Para el efecto, los integrantes del equipo de futsal demostraron garra, t\u00e9cnica, buen futbol, esfuerzo y disciplina, m\u00e9ritos que han marcado el paso en su camino rumbo a la etapa regional, programada para el mes de agosto, en el que deber\u00e1n enfrentar a los campeones de diferentes distritos de nuestra ciudad capital.<\/p>\n<p>Desde la UGEL 04 felicitamos a toda la delegaci\u00f3n deportiva por su destacada participaci\u00f3n y compromiso con el deporte escolar, y expresamos nuestro respaldo a esta comunidad educativa que, con talento y perseverancia, demuestra que los sue\u00f1os se alcanzan con trabajo en equipo.<\/p>\n<p>\u00a1Rumbo a la etapa regional y, por qu\u00e9 no, a la nacional!<\/p>\n<p>[\/et_pb_text][\/et_pb_column][\/et_pb_row][\/et_pb_section]<\/p>\n","protected":false},"excerpt":{"rendered":"<p>Con orgullo y entusiasmo, la IE 2040 Rep\u00fablica de Cuba del distrito de Comas celebra el reciente logro de su equipo de futsal masculino categor\u00eda B, que se coron\u00f3 campe\u00f3n [&hellip;]<\/p>\n","protected":false},"author":1,"featured_media":259976,"comment_status":"open","ping_status":"open","sticky":false,"template":"","format":"standard","meta":{"_et_pb_use_builder":"on","_et_pb_old_content":"","_et_gb_content_width":"","footnotes":""},"categories":[10],"tags":[],"class_list":["post-259974","post","type-post","status-publish","format-standard","has-post-thumbnail","hentry","category-noticias"],"_links":{"self":[{"href":"https:\/\/ugel04.gob.pe\/home\/wp-json\/wp\/v2\/posts\/259974","targetHints":{"allow":["GET"]}}],"collection":[{"href":"https:\/\/ugel04.gob.pe\/home\/wp-json\/wp\/v2\/posts"}],"about":[{"href":"https:\/\/ugel04.gob.pe\/home\/wp-json\/wp\/v2\/types\/post"}],"author":[{"embeddable":true,"href":"https:\/\/ugel04.gob.pe\/home\/wp-json\/wp\/v2\/users\/1"}],"replies":[{"embeddable":true,"href":"https:\/\/ugel04.gob.pe\/home\/wp-json\/wp\/v2\/comments?post=259974"}],"version-history":[{"count":2,"href":"https:\/\/ugel04.gob.pe\/home\/wp-json\/wp\/v2\/posts\/259974\/revisions"}],"predecessor-version":[{"id":259978,"href":"https:\/\/ugel04.gob.pe\/home\/wp-json\/wp\/v2\/posts\/259974\/revisions\/259978"}],"wp:featuredmedia":[{"embeddable":true,"href":"https:\/\/ugel04.gob.pe\/home\/wp-json\/wp\/v2\/media\/259976"}],"wp:attachment":[{"href":"https:\/\/ugel04.gob.pe\/home\/wp-json\/wp\/v2\/media?parent=259974"}],"wp:term":[{"taxonomy":"category","embeddable":true,"href":"https:\/\/ugel04.gob.pe\/home\/wp-json\/wp\/v2\/categories?post=259974"},{"taxonomy":"post_tag","embeddable":true,"href":"https:\/\/ugel04.gob.pe\/home\/wp-json\/wp\/v2\/tags?post=259974"}],"curies":[{"name":"wp","href":"https:\/\/api.w.org\/{rel}","templated":true}]}}