{"id":259961,"date":"2025-07-24T09:28:06","date_gmt":"2025-07-24T14:28:06","guid":{"rendered":"https:\/\/ugel04.gob.pe\/home\/?p=259961"},"modified":"2025-07-24T09:28:14","modified_gmt":"2025-07-24T14:28:14","slug":"mas-de-mil-estudiantes-eba-participaron-con-algarabia-en-25-a-olimpiada-de-ugel-04","status":"publish","type":"post","link":"https:\/\/ugel04.gob.pe\/home\/mas-de-mil-estudiantes-eba-participaron-con-algarabia-en-25-a-olimpiada-de-ugel-04\/","title":{"rendered":"M\u00c1S DE MIL ESTUDIANTES EBA PARTICIPARON CON ALGARAB\u00cdA EN 25.\u00aa OLIMPIADA DE UGEL 04"},"content":{"rendered":"<p>[et_pb_section fb_built=\u00bb1&#8243; theme_builder_area=\u00bbpost_content\u00bb _builder_version=\u00bb4.27.4&#8243; _module_preset=\u00bbdefault\u00bb da_is_popup=\u00bboff\u00bb da_exit_intent=\u00bboff\u00bb da_has_close=\u00bbon\u00bb da_alt_close=\u00bboff\u00bb da_dark_close=\u00bboff\u00bb da_not_modal=\u00bbon\u00bb da_is_singular=\u00bboff\u00bb da_with_loader=\u00bboff\u00bb da_has_shadow=\u00bbon\u00bb da_disable_devices=\u00bboff|off|off\u00bb][et_pb_row _builder_version=\u00bb4.27.4&#8243; _module_preset=\u00bbdefault\u00bb theme_builder_area=\u00bbpost_content\u00bb][et_pb_column _builder_version=\u00bb4.27.4&#8243; _module_preset=\u00bbdefault\u00bb type=\u00bb4_4&#8243; theme_builder_area=\u00bbpost_content\u00bb][et_pb_text _builder_version=\u00bb4.27.4&#8243; _module_preset=\u00bbdefault\u00bb theme_builder_area=\u00bbpost_content\u00bb hover_enabled=\u00bb0&#8243; sticky_enabled=\u00bb0&#8243;]<\/p>\n<p>En un colorido pasacalle lleno de m\u00fasica, alegr\u00eda y entusiasmo, con la participaci\u00f3n de m\u00e1s de mil estudiantes de los Centros de Educaci\u00f3n B\u00e1sica Alternativa (CEBA) de la UGEL 04, se inaugur\u00f3 la 25.\u00aa Olimpiada de Educaci\u00f3n B\u00e1sica Alternativa, enarbolando como lema alusivo: \u201cPromovemos el buen vivir a trav\u00e9s del deporte\u201d.<\/p>\n<p>El evento realizado en el parque zonal Sinchi Roca de Comas, que tuvo como prop\u00f3sito fortalecer la convivencia pac\u00edfica, el respeto y la inclusi\u00f3n dentro de la comunidad educativa, reuni\u00f3 a las delegaciones representativas de 17 CEBA de nuestra jurisdicci\u00f3n, cuyos estudiantes participaron activamente en disciplinas como f\u00fatbol, v\u00f3ley y atletismo.<\/p>\n<p>La directora de la UGEL 04, Nelly Cunza, estuvo presente en la ceremonia junto al jefe del \u00c1rea de Gesti\u00f3n de la Educaci\u00f3n B\u00e1sica Alternativa y T\u00e9cnico Productiva (AGEBATP), Roberto Zevallos, especialistas del \u00e1rea y otros representantes institucionales, motivando a los estudiantes a fin de que disfruten este encuentro de aprendizaje integral.<\/p>\n<p>Durante el pasacalle, los estudiantes portaron pancartas y lucieron trajes coloridos que reflejaban la identidad cultural y creatividad de sus CEBA, convirtiendo la sede del parque zonal en una verdadera fiesta de integraci\u00f3n. Adem\u00e1s, la jornada destac\u00f3 el compromiso de los estudiantes con sus estudios y fortaleci\u00f3 los lazos de amistad entre docentes y alumnos.<\/p>\n<p>[\/et_pb_text][\/et_pb_column][\/et_pb_row][\/et_pb_section]<\/p>\n","protected":false},"excerpt":{"rendered":"<p>En un colorido pasacalle lleno de m\u00fasica, alegr\u00eda y entusiasmo, con la participaci\u00f3n de m\u00e1s de mil estudiantes de los Centros de Educaci\u00f3n B\u00e1sica Alternativa (CEBA) de la UGEL 04, [&hellip;]<\/p>\n","protected":false},"author":1,"featured_media":259962,"comment_status":"open","ping_status":"open","sticky":false,"template":"","format":"standard","meta":{"_et_pb_use_builder":"on","_et_pb_old_content":"","_et_gb_content_width":"1080","footnotes":""},"categories":[10],"tags":[],"class_list":["post-259961","post","type-post","status-publish","format-standard","has-post-thumbnail","hentry","category-noticias"],"_links":{"self":[{"href":"https:\/\/ugel04.gob.pe\/home\/wp-json\/wp\/v2\/posts\/259961","targetHints":{"allow":["GET"]}}],"collection":[{"href":"https:\/\/ugel04.gob.pe\/home\/wp-json\/wp\/v2\/posts"}],"about":[{"href":"https:\/\/ugel04.gob.pe\/home\/wp-json\/wp\/v2\/types\/post"}],"author":[{"embeddable":true,"href":"https:\/\/ugel04.gob.pe\/home\/wp-json\/wp\/v2\/users\/1"}],"replies":[{"embeddable":true,"href":"https:\/\/ugel04.gob.pe\/home\/wp-json\/wp\/v2\/comments?post=259961"}],"version-history":[{"count":2,"href":"https:\/\/ugel04.gob.pe\/home\/wp-json\/wp\/v2\/posts\/259961\/revisions"}],"predecessor-version":[{"id":259964,"href":"https:\/\/ugel04.gob.pe\/home\/wp-json\/wp\/v2\/posts\/259961\/revisions\/259964"}],"wp:featuredmedia":[{"embeddable":true,"href":"https:\/\/ugel04.gob.pe\/home\/wp-json\/wp\/v2\/media\/259962"}],"wp:attachment":[{"href":"https:\/\/ugel04.gob.pe\/home\/wp-json\/wp\/v2\/media?parent=259961"}],"wp:term":[{"taxonomy":"category","embeddable":true,"href":"https:\/\/ugel04.gob.pe\/home\/wp-json\/wp\/v2\/categories?post=259961"},{"taxonomy":"post_tag","embeddable":true,"href":"https:\/\/ugel04.gob.pe\/home\/wp-json\/wp\/v2\/tags?post=259961"}],"curies":[{"name":"wp","href":"https:\/\/api.w.org\/{rel}","templated":true}]}}