{"id":259956,"date":"2025-07-22T17:25:57","date_gmt":"2025-07-22T22:25:57","guid":{"rendered":"https:\/\/ugel04.gob.pe\/home\/?p=259956"},"modified":"2025-08-05T09:44:20","modified_gmt":"2025-08-05T14:44:20","slug":"con-gran-presentacion-teatral-de-ie-raul-porras-se-inaugura-etapa-drelm-de-juegos-florales-escolares-nacionales","status":"publish","type":"post","link":"https:\/\/ugel04.gob.pe\/home\/con-gran-presentacion-teatral-de-ie-raul-porras-se-inaugura-etapa-drelm-de-juegos-florales-escolares-nacionales\/","title":{"rendered":"CON GRAN PRESENTACI\u00d3N TEATRAL DE IE RA\u00daL PORRAS SE INAUGURA ETAPA DRELM DE JUEGOS FLORALES ESCOLARES NACIONALES"},"content":{"rendered":"\n[et_pb_section fb_built=\u00bb1&#8243; theme_builder_area=\u00bbpost_content\u00bb _builder_version=\u00bb4.27.4&#8243; _module_preset=\u00bbdefault\u00bb da_is_popup=\u00bboff\u00bb da_exit_intent=\u00bboff\u00bb da_has_close=\u00bbon\u00bb da_alt_close=\u00bboff\u00bb da_dark_close=\u00bboff\u00bb da_not_modal=\u00bbon\u00bb da_is_singular=\u00bboff\u00bb da_with_loader=\u00bboff\u00bb da_has_shadow=\u00bbon\u00bb da_disable_devices=\u00bboff|off|off\u00bb][et_pb_row _builder_version=\u00bb4.27.4&#8243; _module_preset=\u00bbdefault\u00bb theme_builder_area=\u00bbpost_content\u00bb][et_pb_column _builder_version=\u00bb4.27.4&#8243; _module_preset=\u00bbdefault\u00bb type=\u00bb4_4&#8243; theme_builder_area=\u00bbpost_content\u00bb][et_pb_text _builder_version=\u00bb4.27.4&#8243; _module_preset=\u00bbdefault\u00bb theme_builder_area=\u00bbpost_content\u00bb hover_enabled=\u00bb0&#8243; sticky_enabled=\u00bb0&#8243;]<p>Con un apote\u00f3sico evento desarrollado en el auditorio del Museo de Arte de Lima (MALI), se inaugur\u00f3 la etapa regional de los Juegos Florales Escolares Nacionales 2025, en la cual, los estudiantes de las siete UGEL de Lima metropolitana que ocuparon el primer puesto en sus respectivas jurisdicciones, demostraron sus grandes cualidades art\u00edsticas, exhibiendo las ense\u00f1anzas recibidas de sus maestros en las aulas.<\/p>\n<p>En esta oportunidad, durante el acto inaugural los alumnos de las categor\u00edas E y F hicieron gala de su talento histri\u00f3nico en la disciplina de Teatro, destacando notoriamente la participaci\u00f3n de la IE Ra\u00fal Porras Barnechea de Carabayllo, perteneciente a la UGEL 04, con la obra: \u201cLa F\u00e1brica de Emociones\u201d, interpretaci\u00f3n magistral que resalta los sentimientos m\u00faltiples vinculados a los escolares durante su proceso de formaci\u00f3n en las escuelas.<\/p>\n<p>Esta presentaci\u00f3n teatral recibi\u00f3 el aplauso y los comentarios asertivos de parte de los asistentes, quienes valoraron el profundo mensaje transmitido, as\u00ed como la destacada actuaci\u00f3n de los estudiantes integrantes del elenco, los cuales a su corta edad (13 y 14 a\u00f1os) ya muestran cualidades propias de actores y actrices de renombre.<\/p>\n<p>En mensaje previo, el director regional de educaci\u00f3n de Lima metropolitana, Marcos Tupayachi, resalt\u00f3 que los estudiantes y maestros han conquistado el arte y la cultura para representar a nuestro pa\u00eds transmitiendo mediante sus acciones y actuaciones, las ra\u00edces que nos unen.<\/p>\n<p>Asimismo, anunci\u00f3 que su gesti\u00f3n viene <span>preparando un movimiento cultural en Lima, \u201cpara el efecto se ha planificado un encuentro en un escenario grande en el que participar\u00e1n las escuelas p\u00fablicas, con sus bandas de m\u00fasica, sus delegaciones art\u00edsticas y culturales\u201d, manifest\u00f3.<\/span><\/p>\n<p><strong><span>Escenarios descentralizados<\/span><\/strong><\/p>\n<p><span>Cabe mencionar que, la etapa regional de los JFEN2025, se desarrolla des lunes 21 de julio al viernes 25 de julio, en escenarios seleccionados como la Biblioteca Nacional de San Borja (Danza Tradicional), el Auditorio del MALI en el cercado de Lima (Ceremonia de inauguraci\u00f3n, Teatro y Baile urbano), Museo Jos\u00e9 Carlos Mari\u00e1tegui, Cercado de Lima (Pintura, Escultura, Fotograf\u00eda, Arte tradicional, Poes\u00eda, Historietas interactivas, Corto audiovisual), y el Centro Cultura CAFAE, San Isidro (Canto solista y Ensamble instrumental). <\/span><\/p>[\/et_pb_text][\/et_pb_column][\/et_pb_row][\/et_pb_section]\n","protected":false},"excerpt":{"rendered":"<p>Con un apote\u00f3sico evento desarrollado en el auditorio del Museo de Arte de Lima (MALI), se inaugur\u00f3 la etapa regional de los Juegos Florales Escolares Nacionales 2025, en la cual, [&hellip;]<\/p>\n","protected":false},"author":1,"featured_media":259957,"comment_status":"closed","ping_status":"open","sticky":false,"template":"","format":"standard","meta":{"_et_pb_use_builder":"on","_et_pb_old_content":"","_et_gb_content_width":"1080","footnotes":""},"categories":[10],"tags":[],"class_list":["post-259956","post","type-post","status-publish","format-standard","has-post-thumbnail","hentry","category-noticias"],"_links":{"self":[{"href":"https:\/\/ugel04.gob.pe\/home\/wp-json\/wp\/v2\/posts\/259956","targetHints":{"allow":["GET"]}}],"collection":[{"href":"https:\/\/ugel04.gob.pe\/home\/wp-json\/wp\/v2\/posts"}],"about":[{"href":"https:\/\/ugel04.gob.pe\/home\/wp-json\/wp\/v2\/types\/post"}],"author":[{"embeddable":true,"href":"https:\/\/ugel04.gob.pe\/home\/wp-json\/wp\/v2\/users\/1"}],"replies":[{"embeddable":true,"href":"https:\/\/ugel04.gob.pe\/home\/wp-json\/wp\/v2\/comments?post=259956"}],"version-history":[{"count":3,"href":"https:\/\/ugel04.gob.pe\/home\/wp-json\/wp\/v2\/posts\/259956\/revisions"}],"predecessor-version":[{"id":260016,"href":"https:\/\/ugel04.gob.pe\/home\/wp-json\/wp\/v2\/posts\/259956\/revisions\/260016"}],"wp:featuredmedia":[{"embeddable":true,"href":"https:\/\/ugel04.gob.pe\/home\/wp-json\/wp\/v2\/media\/259957"}],"wp:attachment":[{"href":"https:\/\/ugel04.gob.pe\/home\/wp-json\/wp\/v2\/media?parent=259956"}],"wp:term":[{"taxonomy":"category","embeddable":true,"href":"https:\/\/ugel04.gob.pe\/home\/wp-json\/wp\/v2\/categories?post=259956"},{"taxonomy":"post_tag","embeddable":true,"href":"https:\/\/ugel04.gob.pe\/home\/wp-json\/wp\/v2\/tags?post=259956"}],"curies":[{"name":"wp","href":"https:\/\/api.w.org\/{rel}","templated":true}]}}