{"id":259939,"date":"2025-07-22T08:50:18","date_gmt":"2025-07-22T13:50:18","guid":{"rendered":"https:\/\/ugel04.gob.pe\/home\/?p=259939"},"modified":"2025-07-22T08:53:59","modified_gmt":"2025-07-22T13:53:59","slug":"directora-de-la-ugel-04-sostuvo-reunion-con-unicef-y-warmi-huasi-sobre-la-buena-practica-mi-voz-importa","status":"publish","type":"post","link":"https:\/\/ugel04.gob.pe\/home\/directora-de-la-ugel-04-sostuvo-reunion-con-unicef-y-warmi-huasi-sobre-la-buena-practica-mi-voz-importa\/","title":{"rendered":"DIRECTORA DE LA UGEL 04 SOSTUVO REUNI\u00d3N CON UNICEF Y WARMI HUASI SOBRE LA BUENA PR\u00c1CTICA MI VOZ IMPORTA"},"content":{"rendered":"<p>[et_pb_section fb_built=\u00bb1&#8243; theme_builder_area=\u00bbpost_content\u00bb _builder_version=\u00bb4.27.4&#8243; _module_preset=\u00bbdefault\u00bb da_is_popup=\u00bboff\u00bb da_exit_intent=\u00bboff\u00bb da_has_close=\u00bbon\u00bb da_alt_close=\u00bboff\u00bb da_dark_close=\u00bboff\u00bb da_not_modal=\u00bbon\u00bb da_is_singular=\u00bboff\u00bb da_with_loader=\u00bboff\u00bb da_has_shadow=\u00bbon\u00bb da_disable_devices=\u00bboff|off|off\u00bb][et_pb_row _builder_version=\u00bb4.27.4&#8243; _module_preset=\u00bbdefault\u00bb theme_builder_area=\u00bbpost_content\u00bb][et_pb_column _builder_version=\u00bb4.27.4&#8243; _module_preset=\u00bbdefault\u00bb type=\u00bb4_4&#8243; theme_builder_area=\u00bbpost_content\u00bb][et_pb_text _builder_version=\u00bb4.27.4&#8243; _module_preset=\u00bbdefault\u00bb theme_builder_area=\u00bbpost_content\u00bb hover_enabled=\u00bb0&#8243; sticky_enabled=\u00bb0&#8243;]<\/p>\n<p style=\"text-align: justify;\"><strong>Con el objetivo de seguir promoviendo la participaci\u00f3n activa de los estudiantes en entornos seguros y respetuosos de sus derechos, la directora de la UGEL 04, Nelly Cunza Pr\u00edncipe, particip\u00f3 en una reuni\u00f3n de trabajo con representantes de UNICEF y de la asociaci\u00f3n Warmi Huasi, en la sede de esta \u00faltima, ubicada en el distrito de Los Olivos.<\/strong><\/p>\n<p style=\"text-align: justify;\"><span>El encuentro tuvo como eje central la buena pr\u00e1ctica \u201cMi voz importa\u201d, una estrategia impulsada por UNICEF que naci\u00f3 en 2020 como una propuesta del CCONNA de Carabayllo. Esta iniciativa busca generar espacios de escucha activa para que ni\u00f1as, ni\u00f1os y adolescentes puedan expresar libremente sus ideas, inquietudes y propuestas sobre temas sociales y educativos que los afectan directamente.<\/span><\/p>\n<p style=\"text-align: justify;\"><span>Reconocida por su impacto y sostenibilidad, Mi voz importa ha sido adoptada como una experiencia significativa a nivel nacional, y actualmente es promovida por el Ministerio de Educaci\u00f3n y el Ministerio de la Mujer y Poblaciones Vulnerables, que vienen implementando consultas participativas basadas en esta estrategia.<\/span><\/p>\n<p style=\"text-align: justify;\"><span>Durante la reuni\u00f3n tambi\u00e9n participaron dos especialistas de la UGEL 02, lo que permiti\u00f3 intercambiar experiencias entre territorios y fortalecer el trabajo articulado en beneficio de la comunidad estudiantil.<\/span><\/p>\n<p style=\"text-align: justify;\"><span>Como parte de los acuerdos, se defini\u00f3 una pr\u00f3xima reuni\u00f3n para el 4 de agosto, donde se abordar\u00e1n acciones concretas para continuar consolidando esta valiosa iniciativa en las instituciones educativas de Lima Norte.<\/span><\/p>\n<p>[\/et_pb_text][\/et_pb_column][\/et_pb_row][\/et_pb_section]<\/p>\n","protected":false},"excerpt":{"rendered":"<p>Con el objetivo de seguir promoviendo la participaci\u00f3n activa de los estudiantes en entornos seguros y respetuosos de sus derechos, la directora de la UGEL 04, Nelly Cunza Pr\u00edncipe, particip\u00f3 [&hellip;]<\/p>\n","protected":false},"author":1,"featured_media":259940,"comment_status":"closed","ping_status":"open","sticky":false,"template":"","format":"standard","meta":{"_et_pb_use_builder":"on","_et_pb_old_content":"","_et_gb_content_width":"1080","footnotes":""},"categories":[10],"tags":[],"class_list":["post-259939","post","type-post","status-publish","format-standard","has-post-thumbnail","hentry","category-noticias"],"_links":{"self":[{"href":"https:\/\/ugel04.gob.pe\/home\/wp-json\/wp\/v2\/posts\/259939","targetHints":{"allow":["GET"]}}],"collection":[{"href":"https:\/\/ugel04.gob.pe\/home\/wp-json\/wp\/v2\/posts"}],"about":[{"href":"https:\/\/ugel04.gob.pe\/home\/wp-json\/wp\/v2\/types\/post"}],"author":[{"embeddable":true,"href":"https:\/\/ugel04.gob.pe\/home\/wp-json\/wp\/v2\/users\/1"}],"replies":[{"embeddable":true,"href":"https:\/\/ugel04.gob.pe\/home\/wp-json\/wp\/v2\/comments?post=259939"}],"version-history":[{"count":2,"href":"https:\/\/ugel04.gob.pe\/home\/wp-json\/wp\/v2\/posts\/259939\/revisions"}],"predecessor-version":[{"id":259942,"href":"https:\/\/ugel04.gob.pe\/home\/wp-json\/wp\/v2\/posts\/259939\/revisions\/259942"}],"wp:featuredmedia":[{"embeddable":true,"href":"https:\/\/ugel04.gob.pe\/home\/wp-json\/wp\/v2\/media\/259940"}],"wp:attachment":[{"href":"https:\/\/ugel04.gob.pe\/home\/wp-json\/wp\/v2\/media?parent=259939"}],"wp:term":[{"taxonomy":"category","embeddable":true,"href":"https:\/\/ugel04.gob.pe\/home\/wp-json\/wp\/v2\/categories?post=259939"},{"taxonomy":"post_tag","embeddable":true,"href":"https:\/\/ugel04.gob.pe\/home\/wp-json\/wp\/v2\/tags?post=259939"}],"curies":[{"name":"wp","href":"https:\/\/api.w.org\/{rel}","templated":true}]}}