{"id":259921,"date":"2025-07-17T17:26:09","date_gmt":"2025-07-17T22:26:09","guid":{"rendered":"https:\/\/ugel04.gob.pe\/home\/?p=259921"},"modified":"2025-07-17T17:26:26","modified_gmt":"2025-07-17T22:26:26","slug":"ie-philips-saunders-activa-feria-de-salud-y-buena-alimentacion","status":"publish","type":"post","link":"https:\/\/ugel04.gob.pe\/home\/ie-philips-saunders-activa-feria-de-salud-y-buena-alimentacion\/","title":{"rendered":"IE. PHILIPS SAUNDERS ACTIVA FERIA DE SALUD Y BUENA ALIMENTACI\u00d3N"},"content":{"rendered":"<p>[et_pb_section fb_built=\u00bb1&#8243; theme_builder_area=\u00bbpost_content\u00bb _builder_version=\u00bb4.27.4&#8243; _module_preset=\u00bbdefault\u00bb da_is_popup=\u00bboff\u00bb da_exit_intent=\u00bboff\u00bb da_has_close=\u00bbon\u00bb da_alt_close=\u00bboff\u00bb da_dark_close=\u00bboff\u00bb da_not_modal=\u00bbon\u00bb da_is_singular=\u00bboff\u00bb da_with_loader=\u00bboff\u00bb da_has_shadow=\u00bbon\u00bb da_disable_devices=\u00bboff|off|off\u00bb][et_pb_row _builder_version=\u00bb4.27.4&#8243; _module_preset=\u00bbdefault\u00bb theme_builder_area=\u00bbpost_content\u00bb][et_pb_column _builder_version=\u00bb4.27.4&#8243; _module_preset=\u00bbdefault\u00bb type=\u00bb4_4&#8243; theme_builder_area=\u00bbpost_content\u00bb][et_pb_text _builder_version=\u00bb4.27.4&#8243; _module_preset=\u00bbdefault\u00bb theme_builder_area=\u00bbpost_content\u00bb hover_enabled=\u00bb0&#8243; sticky_enabled=\u00bb0&#8243;]<\/p>\n<p><span>Anteponiendo como lema: \u201cYo activo mi cole\u201d, la IE Philips Saunders, del distrito de Carabayllo, realiz\u00f3 una significativa feria saludable que moviliz\u00f3 a toda su comunidad educativa en torno a la promoci\u00f3n del bienestar integral y la alimentaci\u00f3n saludable.<\/span><\/p>\n<p><span>La actividad fue posible gracias al apoyo de aliados estrat\u00e9gicos como UNICEF, Warmi Wasi y la DIRIS Lima Norte, quienes acompa\u00f1aron esta jornada a trav\u00e9s de diversos stands informativos, junto a la participaci\u00f3n de la DEMUNA y otras entidades del sector. <\/span><\/p>\n<p><span>Los espacios estuvieron a cargo de los propios estudiantes de la IE. Philips Saunders y de la IE. Mar\u00eda Parado de Bellido \u2013 Chocas, ambas del distrito de Carabayllo, contando con la asistencia de los estudiantes y p\u00fablico en general.<\/span><\/p>\n<p><span>La directora del colegio anfitri\u00f3n, Giovanna G\u00f3mez, dio la bienvenida y realiz\u00f3 la apertura oficial de esta valiosa estrategia educativa, resaltando la importancia del trabajo conjunto para fortalecer la salud y el desarrollo integral de los estudiantes. <\/span><\/p>\n<p><span>Se\u00f1al\u00f3 adem\u00e1s, que desde hace un tiempo la instituci\u00f3n viene impulsando el funcionamiento del quiosco saludable, as\u00ed como la orientaci\u00f3n constante a los alumnos sobre la importancia de una buena alimentaci\u00f3n para mejorar su rendimiento acad\u00e9mico.<\/span><\/p>\n<p><span>La jornada inici\u00f3 con una charla formativa en las aulas, donde se abordaron temas clave como nutrici\u00f3n, salud y estilos de vida saludables. Posteriormente, se present\u00f3 el modelo de quiosco saludable, que promueve el consumo de alimentos ricos en prote\u00ednas y con alto valor nutricional, en beneficio del crecimiento y aprendizaje de los estudiantes.<\/span><\/p>\n<p>El evento cont\u00f3 con la presencia del jefe del \u00c1rea de Gesti\u00f3n de la Educaci\u00f3n B\u00e1sica Regular y Especial (AGEBRE) de la UGEL 04, Jhony Ventura, quien destac\u00f3 el compromiso de la escuela y de sus aliados en promover entornos educativos, que aporten al bienestar integral de la instituci\u00f3n<\/p>\n<p>[\/et_pb_text][\/et_pb_column][\/et_pb_row][\/et_pb_section]<\/p>\n","protected":false},"excerpt":{"rendered":"<p>Anteponiendo como lema: \u201cYo activo mi cole\u201d, la IE Philips Saunders, del distrito de Carabayllo, realiz\u00f3 una significativa feria saludable que moviliz\u00f3 a toda su comunidad educativa en torno a [&hellip;]<\/p>\n","protected":false},"author":1,"featured_media":259922,"comment_status":"open","ping_status":"open","sticky":false,"template":"","format":"standard","meta":{"_et_pb_use_builder":"on","_et_pb_old_content":"","_et_gb_content_width":"1080","footnotes":""},"categories":[10],"tags":[],"class_list":["post-259921","post","type-post","status-publish","format-standard","has-post-thumbnail","hentry","category-noticias"],"_links":{"self":[{"href":"https:\/\/ugel04.gob.pe\/home\/wp-json\/wp\/v2\/posts\/259921","targetHints":{"allow":["GET"]}}],"collection":[{"href":"https:\/\/ugel04.gob.pe\/home\/wp-json\/wp\/v2\/posts"}],"about":[{"href":"https:\/\/ugel04.gob.pe\/home\/wp-json\/wp\/v2\/types\/post"}],"author":[{"embeddable":true,"href":"https:\/\/ugel04.gob.pe\/home\/wp-json\/wp\/v2\/users\/1"}],"replies":[{"embeddable":true,"href":"https:\/\/ugel04.gob.pe\/home\/wp-json\/wp\/v2\/comments?post=259921"}],"version-history":[{"count":2,"href":"https:\/\/ugel04.gob.pe\/home\/wp-json\/wp\/v2\/posts\/259921\/revisions"}],"predecessor-version":[{"id":259924,"href":"https:\/\/ugel04.gob.pe\/home\/wp-json\/wp\/v2\/posts\/259921\/revisions\/259924"}],"wp:featuredmedia":[{"embeddable":true,"href":"https:\/\/ugel04.gob.pe\/home\/wp-json\/wp\/v2\/media\/259922"}],"wp:attachment":[{"href":"https:\/\/ugel04.gob.pe\/home\/wp-json\/wp\/v2\/media?parent=259921"}],"wp:term":[{"taxonomy":"category","embeddable":true,"href":"https:\/\/ugel04.gob.pe\/home\/wp-json\/wp\/v2\/categories?post=259921"},{"taxonomy":"post_tag","embeddable":true,"href":"https:\/\/ugel04.gob.pe\/home\/wp-json\/wp\/v2\/tags?post=259921"}],"curies":[{"name":"wp","href":"https:\/\/api.w.org\/{rel}","templated":true}]}}