{"id":259905,"date":"2025-07-16T15:52:27","date_gmt":"2025-07-16T20:52:27","guid":{"rendered":"https:\/\/ugel04.gob.pe\/home\/?p=259905"},"modified":"2025-08-05T09:45:49","modified_gmt":"2025-08-05T14:45:49","slug":"docentes-de-innovacion-pedagogica-fortalecen-capacidades-sobre-uso-del-servidor-escuela","status":"publish","type":"post","link":"https:\/\/ugel04.gob.pe\/home\/docentes-de-innovacion-pedagogica-fortalecen-capacidades-sobre-uso-del-servidor-escuela\/","title":{"rendered":"DOCENTES DE INNOVACI\u00d3N PEDAG\u00d3GICA FORTALECEN CAPACIDADES SOBRE USO DEL SERVIDOR ESCUELA"},"content":{"rendered":"\n[et_pb_section fb_built=\u00bb1&#8243; theme_builder_area=\u00bbpost_content\u00bb _builder_version=\u00bb4.27.4&#8243; _module_preset=\u00bbdefault\u00bb da_is_popup=\u00bboff\u00bb da_exit_intent=\u00bboff\u00bb da_has_close=\u00bbon\u00bb da_alt_close=\u00bboff\u00bb da_dark_close=\u00bboff\u00bb da_not_modal=\u00bbon\u00bb da_is_singular=\u00bboff\u00bb da_with_loader=\u00bboff\u00bb da_has_shadow=\u00bbon\u00bb da_disable_devices=\u00bboff|off|off\u00bb][et_pb_row _builder_version=\u00bb4.27.4&#8243; _module_preset=\u00bbdefault\u00bb theme_builder_area=\u00bbpost_content\u00bb][et_pb_column _builder_version=\u00bb4.27.4&#8243; _module_preset=\u00bbdefault\u00bb type=\u00bb4_4&#8243; theme_builder_area=\u00bbpost_content\u00bb][et_pb_text _builder_version=\u00bb4.27.4&#8243; _module_preset=\u00bbdefault\u00bb theme_builder_area=\u00bbpost_content\u00bb hover_enabled=\u00bb0&#8243; sticky_enabled=\u00bb0&#8243;]<p>Con el firme compromiso de seguir fortaleciendo las competencias profesionales de nuestros profesores de innovaci\u00f3n pedag\u00f3gica (PIP), la UGEL 04, a trav\u00e9s del \u00c1rea de Gesti\u00f3n de la Educaci\u00f3n B\u00e1sica Regular y Especial (AGEBRE), viene desarrollando durante tres d\u00edas consecutivos el taller presencial de Instalaci\u00f3n y uso del Servidor Escuela, en la sede de la IE. 3058 Virgen de F\u00e1tima, en el distrito de Carabayllo.<\/p>\n<p>Esta jornada formativa dirigid a los 217 PIP de nuestra jurisdicci\u00f3n, se realiza en coordinaci\u00f3n con la Direcci\u00f3n de Tecnolog\u00edas Educativas (DITE) del Ministerio de Educaci\u00f3n, cuyos especialistas participan como ponentes oficiales.<\/p>\n<p>El objetivo de esta capacitaci\u00f3n es brindar a los docentes PIP los conocimientos y habilidades necesarias para instalar y utilizar correctamente el Servidor Escuela, un equipo inform\u00e1tico que permite administrar la red local del colegio entregando servicios locales web con filtro de navegaci\u00f3n y seguridad.<\/p>\n<p>El taller, tambi\u00e9n permitir\u00e1 a los PIP apoyar a los docentes de aula en el uso de las tecnolog\u00edas disponibles en sus escuelas, integr\u00e1ndolas en las clases para mejorar los aprendizajes de los estudiantes.<\/p>\n<p>Durante la inauguraci\u00f3n de la jornada de fortalecimiento de capacidades, el jefe del \u00e1rea AGEBRE, Jhonny Ventura, dio la bienvenida a los participantes y resalt\u00f3 la importancia del rol que cumplen los PIP en el fortalecimiento de las pr\u00e1cticas pedag\u00f3gicas, a trav\u00e9s del trabajo colaborativo con los docentes de aula.<\/p>\n<p>Asimismo, como parte de la programaci\u00f3n de la semana de gesti\u00f3n, se ha previsto una nueva jornada de asistencia t\u00e9cnica para continuar impulsando el uso pedag\u00f3gico de las tecnolog\u00edas en nuestras escuelas.<\/p>[\/et_pb_text][\/et_pb_column][\/et_pb_row][\/et_pb_section]\n","protected":false},"excerpt":{"rendered":"<p>Con el firme compromiso de seguir fortaleciendo las competencias profesionales de nuestros profesores de innovaci\u00f3n pedag\u00f3gica (PIP), la UGEL 04, a trav\u00e9s del \u00c1rea de Gesti\u00f3n de la Educaci\u00f3n B\u00e1sica [&hellip;]<\/p>\n","protected":false},"author":1,"featured_media":259906,"comment_status":"closed","ping_status":"open","sticky":false,"template":"","format":"standard","meta":{"_et_pb_use_builder":"on","_et_pb_old_content":"","_et_gb_content_width":"1080","footnotes":""},"categories":[10],"tags":[],"class_list":["post-259905","post","type-post","status-publish","format-standard","has-post-thumbnail","hentry","category-noticias"],"_links":{"self":[{"href":"https:\/\/ugel04.gob.pe\/home\/wp-json\/wp\/v2\/posts\/259905","targetHints":{"allow":["GET"]}}],"collection":[{"href":"https:\/\/ugel04.gob.pe\/home\/wp-json\/wp\/v2\/posts"}],"about":[{"href":"https:\/\/ugel04.gob.pe\/home\/wp-json\/wp\/v2\/types\/post"}],"author":[{"embeddable":true,"href":"https:\/\/ugel04.gob.pe\/home\/wp-json\/wp\/v2\/users\/1"}],"replies":[{"embeddable":true,"href":"https:\/\/ugel04.gob.pe\/home\/wp-json\/wp\/v2\/comments?post=259905"}],"version-history":[{"count":3,"href":"https:\/\/ugel04.gob.pe\/home\/wp-json\/wp\/v2\/posts\/259905\/revisions"}],"predecessor-version":[{"id":260017,"href":"https:\/\/ugel04.gob.pe\/home\/wp-json\/wp\/v2\/posts\/259905\/revisions\/260017"}],"wp:featuredmedia":[{"embeddable":true,"href":"https:\/\/ugel04.gob.pe\/home\/wp-json\/wp\/v2\/media\/259906"}],"wp:attachment":[{"href":"https:\/\/ugel04.gob.pe\/home\/wp-json\/wp\/v2\/media?parent=259905"}],"wp:term":[{"taxonomy":"category","embeddable":true,"href":"https:\/\/ugel04.gob.pe\/home\/wp-json\/wp\/v2\/categories?post=259905"},{"taxonomy":"post_tag","embeddable":true,"href":"https:\/\/ugel04.gob.pe\/home\/wp-json\/wp\/v2\/tags?post=259905"}],"curies":[{"name":"wp","href":"https:\/\/api.w.org\/{rel}","templated":true}]}}