{"id":259881,"date":"2025-07-14T18:07:45","date_gmt":"2025-07-14T23:07:45","guid":{"rendered":"https:\/\/ugel04.gob.pe\/home\/?p=259881"},"modified":"2025-07-14T18:10:02","modified_gmt":"2025-07-14T23:10:02","slug":"estudiantes-de-tres-colegios-afectados-por-el-sismo-retoman-clases-presenciales-en-espacios-temporales","status":"publish","type":"post","link":"https:\/\/ugel04.gob.pe\/home\/estudiantes-de-tres-colegios-afectados-por-el-sismo-retoman-clases-presenciales-en-espacios-temporales\/","title":{"rendered":"ESTUDIANTES DE TRES COLEGIOS AFECTADOS POR EL SISMO RETOMAN CLASES PRESENCIALES EN ESPACIOS TEMPORALES"},"content":{"rendered":"<p>[et_pb_section fb_built=\u00bb1&#8243; theme_builder_area=\u00bbpost_content\u00bb _builder_version=\u00bb4.27.4&#8243; _module_preset=\u00bbdefault\u00bb da_is_popup=\u00bboff\u00bb da_exit_intent=\u00bboff\u00bb da_has_close=\u00bbon\u00bb da_alt_close=\u00bboff\u00bb da_dark_close=\u00bboff\u00bb da_not_modal=\u00bbon\u00bb da_is_singular=\u00bboff\u00bb da_with_loader=\u00bboff\u00bb da_has_shadow=\u00bbon\u00bb da_disable_devices=\u00bboff|off|off\u00bb][et_pb_row _builder_version=\u00bb4.27.4&#8243; _module_preset=\u00bbdefault\u00bb theme_builder_area=\u00bbpost_content\u00bb][et_pb_column _builder_version=\u00bb4.27.4&#8243; _module_preset=\u00bbdefault\u00bb type=\u00bb4_4&#8243; theme_builder_area=\u00bbpost_content\u00bb][et_pb_text _builder_version=\u00bb4.27.4&#8243; _module_preset=\u00bbdefault\u00bb theme_builder_area=\u00bbpost_content\u00bb hover_enabled=\u00bb0&#8243; sticky_enabled=\u00bb0&#8243;]<\/p>\n<p>Con el objetivo de garantizar la continuidad de un adecuado servicio educativo a favor de nuestros alumnos, tres instituciones educativas p\u00fablicas del distrito de Comas, afectadas por el reciente sismo, retomaron hoy las clases presenciales en aulas temporales compartidas con instituciones solidarias.<\/p>\n<p>La reapertura del servicio educativo presencial, fue observado in situ por la directora de la UGEL 04, Nelly Cunza Pr\u00edncipe, quien particip\u00f3 en las ceremonias oficiales de inicio de actividades y visit\u00f3 los salones de clase para enviar su saludo de bienvenida a los estudiantes.<\/p>\n<p>Durante su visita a la IE. 3085 Vilca Apaza, que ahora acoge en el turno tarde a los estudiantes de la IE. 3072 Augusto Salazar Bondy, la directora fue recibida con alegr\u00eda por la comunidad educativa al son de la banda escolar, en tanto ella expres\u00f3 palabras de afecto a los alumnos de segundo a sexto grado, quienes ingresaron con entusiasmo a sus nuevos salones; (debemos mencionar que, los estudiantes de primer grado vienen estudiando en la IEI. \u00a0862 de Comas).<\/p>\n<p><strong>La llave de la hermandad<\/strong><\/p>\n<p>Luego, en la IE. 3060 Alfonso Ugarte, la directora pudo ver el inicio de clases de los estudiantes de secundaria de la IE. Comercio 62, quienes ahora comparten este local escolar. En se\u00f1al de amistad y trabajo conjunto, los directivos del colegio anfitri\u00f3n entregaron simb\u00f3licamente la llave de la instituci\u00f3n a sus colegas, como muestra de confianza y apoyo entre docentes.<\/p>\n<p>Finalmente, la autoridad educativa lleg\u00f3 a la IE. 3065 Virgen del Carmen, que ha abierto sus puertas a los estudiantes del nivel primaria de la IE. 2031 Jos\u00e9 Velarde Caro, en donde verific\u00f3 las modernas instalaciones de esta escuela bicentenario, el cual ahora ser\u00e1 de uso compartido y beneficiar\u00e1 a un mayor n\u00famero de escolares.<\/p>\n<p>En cada visita, la directora salud\u00f3 a los docentes, recorri\u00f3 los ambientes habilitados y felicit\u00f3 a las familias por su capacidad de adaptaci\u00f3n, adem\u00e1s de resaltar el trabajo conjunto entre directivos y profesores para garantizar el bienestar de los escolares.<\/p>\n<p>&nbsp;<\/p>\n<p>[\/et_pb_text][\/et_pb_column][\/et_pb_row][\/et_pb_section]<\/p>\n","protected":false},"excerpt":{"rendered":"<p>Con el objetivo de garantizar la continuidad de un adecuado servicio educativo a favor de nuestros alumnos, tres instituciones educativas p\u00fablicas del distrito de Comas, afectadas por el reciente sismo, [&hellip;]<\/p>\n","protected":false},"author":1,"featured_media":259882,"comment_status":"open","ping_status":"open","sticky":false,"template":"","format":"standard","meta":{"_et_pb_use_builder":"on","_et_pb_old_content":"","_et_gb_content_width":"1080","footnotes":""},"categories":[10],"tags":[],"class_list":["post-259881","post","type-post","status-publish","format-standard","has-post-thumbnail","hentry","category-noticias"],"_links":{"self":[{"href":"https:\/\/ugel04.gob.pe\/home\/wp-json\/wp\/v2\/posts\/259881","targetHints":{"allow":["GET"]}}],"collection":[{"href":"https:\/\/ugel04.gob.pe\/home\/wp-json\/wp\/v2\/posts"}],"about":[{"href":"https:\/\/ugel04.gob.pe\/home\/wp-json\/wp\/v2\/types\/post"}],"author":[{"embeddable":true,"href":"https:\/\/ugel04.gob.pe\/home\/wp-json\/wp\/v2\/users\/1"}],"replies":[{"embeddable":true,"href":"https:\/\/ugel04.gob.pe\/home\/wp-json\/wp\/v2\/comments?post=259881"}],"version-history":[{"count":2,"href":"https:\/\/ugel04.gob.pe\/home\/wp-json\/wp\/v2\/posts\/259881\/revisions"}],"predecessor-version":[{"id":259884,"href":"https:\/\/ugel04.gob.pe\/home\/wp-json\/wp\/v2\/posts\/259881\/revisions\/259884"}],"wp:featuredmedia":[{"embeddable":true,"href":"https:\/\/ugel04.gob.pe\/home\/wp-json\/wp\/v2\/media\/259882"}],"wp:attachment":[{"href":"https:\/\/ugel04.gob.pe\/home\/wp-json\/wp\/v2\/media?parent=259881"}],"wp:term":[{"taxonomy":"category","embeddable":true,"href":"https:\/\/ugel04.gob.pe\/home\/wp-json\/wp\/v2\/categories?post=259881"},{"taxonomy":"post_tag","embeddable":true,"href":"https:\/\/ugel04.gob.pe\/home\/wp-json\/wp\/v2\/tags?post=259881"}],"curies":[{"name":"wp","href":"https:\/\/api.w.org\/{rel}","templated":true}]}}