{"id":259857,"date":"2025-07-11T12:01:16","date_gmt":"2025-07-11T17:01:16","guid":{"rendered":"https:\/\/ugel04.gob.pe\/home\/?p=259857"},"modified":"2025-07-11T12:01:25","modified_gmt":"2025-07-11T17:01:25","slug":"se-inaugura-etapa-ugel-de-los-juegos-escolares-deportivos-y-paradeportivos-2025","status":"publish","type":"post","link":"https:\/\/ugel04.gob.pe\/home\/se-inaugura-etapa-ugel-de-los-juegos-escolares-deportivos-y-paradeportivos-2025\/","title":{"rendered":"SE INAUGURA ETAPA UGEL DE LOS JUEGOS ESCOLARES DEPORTIVOS Y PARADEPORTIVOS 2025"},"content":{"rendered":"<p>[et_pb_section fb_built=\u00bb1&#8243; theme_builder_area=\u00bbpost_content\u00bb _builder_version=\u00bb4.27.4&#8243; _module_preset=\u00bbdefault\u00bb da_is_popup=\u00bboff\u00bb da_exit_intent=\u00bboff\u00bb da_has_close=\u00bbon\u00bb da_alt_close=\u00bboff\u00bb da_dark_close=\u00bboff\u00bb da_not_modal=\u00bbon\u00bb da_is_singular=\u00bboff\u00bb da_with_loader=\u00bboff\u00bb da_has_shadow=\u00bbon\u00bb da_disable_devices=\u00bboff|off|off\u00bb][et_pb_row _builder_version=\u00bb4.27.4&#8243; _module_preset=\u00bbdefault\u00bb theme_builder_area=\u00bbpost_content\u00bb][et_pb_column _builder_version=\u00bb4.27.4&#8243; _module_preset=\u00bbdefault\u00bb type=\u00bb4_4&#8243; theme_builder_area=\u00bbpost_content\u00bb][et_pb_text _builder_version=\u00bb4.27.4&#8243; _module_preset=\u00bbdefault\u00bb theme_builder_area=\u00bbpost_content\u00bb hover_enabled=\u00bb0&#8243; sticky_enabled=\u00bb0&#8243;]<\/p>\n<p>En una emotiva ceremonia llena de colorido, j\u00fabilo y esp\u00edritu competitivo, nuestra entidad inaugur\u00f3 oficialmente los Juegos Escolares Deportivos y Paradeportivos 2025 \u2013 etapa UGEL 04, con participaci\u00f3n de las delegaciones ganadoras de la etapa IE o Redes Educativas Institucionales.<\/p>\n<p>El evento marc\u00f3 el inicio simb\u00f3lico de esta importante competencia que promueve la participaci\u00f3n de estudiantes, docentes y directivos, destacando al deporte como una valiosa herramienta para el desarrollo integral de la comunidad educativa.<\/p>\n<p>La ceremonia se realiz\u00f3 en el estadio municipal de Puente Piedra, con presencia de la directora de la UGEL 04, Nelly Cunza Pr\u00edncipe, quien tom\u00f3 el juramento deportivo, acompa\u00f1ado del alcalde del distrito anfitri\u00f3n, el jefe del \u00c1rea de Gesti\u00f3n de la Educaci\u00f3n B\u00e1sica Regular y Especial (AGEBRE), y especialistas de la UGEL 04.<\/p>\n<p>Las delegaciones de diversas instituciones educativas p\u00fablicas y privadas presentes participaron en un emotivo desfile, derrochando alegr\u00eda, entusiasmo y propiciando un ambiente festivo, que desat\u00f3 el c\u00e1lido reconocimiento de las autoridades y p\u00fablico presente.<\/p>\n<p>Durante su alocuci\u00f3n, la directora de la UGEL 04 destac\u00f3 la impecable organizaci\u00f3n del evento y el entusiasmo de los participantes, reafirmando que el deporte es un factor clave para fortalecer la uni\u00f3n, la disciplina y el bienestar en el \u00e1mbito escolar.<\/p>\n<p>[\/et_pb_text][\/et_pb_column][\/et_pb_row][\/et_pb_section]<\/p>\n","protected":false},"excerpt":{"rendered":"<p>En una emotiva ceremonia llena de colorido, j\u00fabilo y esp\u00edritu competitivo, nuestra entidad inaugur\u00f3 oficialmente los Juegos Escolares Deportivos y Paradeportivos 2025 \u2013 etapa UGEL 04, con participaci\u00f3n de las [&hellip;]<\/p>\n","protected":false},"author":1,"featured_media":259858,"comment_status":"open","ping_status":"open","sticky":false,"template":"","format":"standard","meta":{"_et_pb_use_builder":"on","_et_pb_old_content":"","_et_gb_content_width":"1080","footnotes":""},"categories":[10],"tags":[],"class_list":["post-259857","post","type-post","status-publish","format-standard","has-post-thumbnail","hentry","category-noticias"],"_links":{"self":[{"href":"https:\/\/ugel04.gob.pe\/home\/wp-json\/wp\/v2\/posts\/259857","targetHints":{"allow":["GET"]}}],"collection":[{"href":"https:\/\/ugel04.gob.pe\/home\/wp-json\/wp\/v2\/posts"}],"about":[{"href":"https:\/\/ugel04.gob.pe\/home\/wp-json\/wp\/v2\/types\/post"}],"author":[{"embeddable":true,"href":"https:\/\/ugel04.gob.pe\/home\/wp-json\/wp\/v2\/users\/1"}],"replies":[{"embeddable":true,"href":"https:\/\/ugel04.gob.pe\/home\/wp-json\/wp\/v2\/comments?post=259857"}],"version-history":[{"count":2,"href":"https:\/\/ugel04.gob.pe\/home\/wp-json\/wp\/v2\/posts\/259857\/revisions"}],"predecessor-version":[{"id":259860,"href":"https:\/\/ugel04.gob.pe\/home\/wp-json\/wp\/v2\/posts\/259857\/revisions\/259860"}],"wp:featuredmedia":[{"embeddable":true,"href":"https:\/\/ugel04.gob.pe\/home\/wp-json\/wp\/v2\/media\/259858"}],"wp:attachment":[{"href":"https:\/\/ugel04.gob.pe\/home\/wp-json\/wp\/v2\/media?parent=259857"}],"wp:term":[{"taxonomy":"category","embeddable":true,"href":"https:\/\/ugel04.gob.pe\/home\/wp-json\/wp\/v2\/categories?post=259857"},{"taxonomy":"post_tag","embeddable":true,"href":"https:\/\/ugel04.gob.pe\/home\/wp-json\/wp\/v2\/tags?post=259857"}],"curies":[{"name":"wp","href":"https:\/\/api.w.org\/{rel}","templated":true}]}}