{"id":259853,"date":"2025-07-10T17:39:58","date_gmt":"2025-07-10T22:39:58","guid":{"rendered":"https:\/\/ugel04.gob.pe\/home\/?p=259853"},"modified":"2025-08-05T09:45:54","modified_gmt":"2025-08-05T14:45:54","slug":"estudiantes-de-ie-esther-festini-e-ie-trompeteros-reanudan-clases-presenciales-en-espacios-temporales","status":"publish","type":"post","link":"https:\/\/ugel04.gob.pe\/home\/estudiantes-de-ie-esther-festini-e-ie-trompeteros-reanudan-clases-presenciales-en-espacios-temporales\/","title":{"rendered":"ESTUDIANTES DE IE. ESTHER FESTINI E IE. TROMPETEROS REANUDAN CLASES PRESENCIALES EN ESPACIOS TEMPORALES"},"content":{"rendered":"\n[et_pb_section fb_built=\u00bb1&#8243; theme_builder_area=\u00bbpost_content\u00bb _builder_version=\u00bb4.27.4&#8243; _module_preset=\u00bbdefault\u00bb da_is_popup=\u00bboff\u00bb da_exit_intent=\u00bboff\u00bb da_has_close=\u00bbon\u00bb da_alt_close=\u00bboff\u00bb da_dark_close=\u00bboff\u00bb da_not_modal=\u00bbon\u00bb da_is_singular=\u00bboff\u00bb da_with_loader=\u00bboff\u00bb da_has_shadow=\u00bbon\u00bb da_disable_devices=\u00bboff|off|off\u00bb][et_pb_row _builder_version=\u00bb4.27.4&#8243; _module_preset=\u00bbdefault\u00bb theme_builder_area=\u00bbpost_content\u00bb][et_pb_column _builder_version=\u00bb4.27.4&#8243; _module_preset=\u00bbdefault\u00bb type=\u00bb4_4&#8243; theme_builder_area=\u00bbpost_content\u00bb][et_pb_text _builder_version=\u00bb4.27.4&#8243; _module_preset=\u00bbdefault\u00bb theme_builder_area=\u00bbpost_content\u00bb hover_enabled=\u00bb0&#8243; sticky_enabled=\u00bb0&#8243;]<p>En medio de sonrisas, aplausos y gran entusiasmo, estudiantes de dos instituciones educativas p\u00fablicas de nuestra jurisdicci\u00f3n afectadas por el reciente sismo, retomaron hoy sus clases presenciales en ambientes temporales acondicionados para tal fin.<\/p>\n<p>En el distrito de Comas, m\u00e1s de 800 alumnos del nivel secundaria de la IE. Esther Festini de Ramos Ocampo iniciaron sus clases en los m\u00f3dulos de contingencia del colegio Bicentenario I.E. 2100 Juan Velasco Alvarado, ubicado en la urbanizaci\u00f3n El Parral, en los turnos ma\u00f1ana y tarde; en tanto, que los escolares de quinto a\u00f1o permanecen en un pabell\u00f3n de su plantel original, no afectado por el movimiento tel\u00farico.<\/p>\n<p>Por su parte, en Carabayllo, los estudiantes de la I.E. 2084 Trompeteros tambi\u00e9n volvieron a la presencialidad. De sus 40 secciones, aquellas que ocupaban el pabell\u00f3n afectado han sido reubicadas temporalmente en la sede de la IE. Nuestra Se\u00f1ora de las Mercedes, donde los estudiantes continuar\u00e1n su aprendizaje en un entorno seguro.<\/p>\n<p>Las otras 26 secciones, cuyas aulas no fueron declaradas inhabitables permanecen en su plantel original.<\/p>\n<p>Durante su visita, la directora de la UGEL 04, Mg. Nelly Cunza Pr\u00edncipe, felicit\u00f3 el esfuerzo de las familias por adaptarse a esta nueva etapa y destac\u00f3 el trabajo articulado de directivos y docentes.<\/p>\n<p>Asimismo, los estudiantes se comprometieron a cuidar y mantener en buen estado sus nuevos espacios de estudio, asegurando as\u00ed la continuidad del servicio educativo.<\/p>[\/et_pb_text][\/et_pb_column][\/et_pb_row][\/et_pb_section]\n","protected":false},"excerpt":{"rendered":"<p>En medio de sonrisas, aplausos y gran entusiasmo, estudiantes de dos instituciones educativas p\u00fablicas de nuestra jurisdicci\u00f3n afectadas por el reciente sismo, retomaron hoy sus clases presenciales en ambientes temporales [&hellip;]<\/p>\n","protected":false},"author":1,"featured_media":259854,"comment_status":"closed","ping_status":"open","sticky":false,"template":"","format":"standard","meta":{"_et_pb_use_builder":"on","_et_pb_old_content":"","_et_gb_content_width":"1080","footnotes":""},"categories":[10],"tags":[],"class_list":["post-259853","post","type-post","status-publish","format-standard","has-post-thumbnail","hentry","category-noticias"],"_links":{"self":[{"href":"https:\/\/ugel04.gob.pe\/home\/wp-json\/wp\/v2\/posts\/259853","targetHints":{"allow":["GET"]}}],"collection":[{"href":"https:\/\/ugel04.gob.pe\/home\/wp-json\/wp\/v2\/posts"}],"about":[{"href":"https:\/\/ugel04.gob.pe\/home\/wp-json\/wp\/v2\/types\/post"}],"author":[{"embeddable":true,"href":"https:\/\/ugel04.gob.pe\/home\/wp-json\/wp\/v2\/users\/1"}],"replies":[{"embeddable":true,"href":"https:\/\/ugel04.gob.pe\/home\/wp-json\/wp\/v2\/comments?post=259853"}],"version-history":[{"count":3,"href":"https:\/\/ugel04.gob.pe\/home\/wp-json\/wp\/v2\/posts\/259853\/revisions"}],"predecessor-version":[{"id":260018,"href":"https:\/\/ugel04.gob.pe\/home\/wp-json\/wp\/v2\/posts\/259853\/revisions\/260018"}],"wp:featuredmedia":[{"embeddable":true,"href":"https:\/\/ugel04.gob.pe\/home\/wp-json\/wp\/v2\/media\/259854"}],"wp:attachment":[{"href":"https:\/\/ugel04.gob.pe\/home\/wp-json\/wp\/v2\/media?parent=259853"}],"wp:term":[{"taxonomy":"category","embeddable":true,"href":"https:\/\/ugel04.gob.pe\/home\/wp-json\/wp\/v2\/categories?post=259853"},{"taxonomy":"post_tag","embeddable":true,"href":"https:\/\/ugel04.gob.pe\/home\/wp-json\/wp\/v2\/tags?post=259853"}],"curies":[{"name":"wp","href":"https:\/\/api.w.org\/{rel}","templated":true}]}}