{"id":259811,"date":"2025-07-04T09:23:10","date_gmt":"2025-07-04T14:23:10","guid":{"rendered":"https:\/\/ugel04.gob.pe\/home\/?p=259811"},"modified":"2025-07-04T09:23:18","modified_gmt":"2025-07-04T14:23:18","slug":"ugel-04-capacita-a-directivos-de-iiee-publicas-afectadas-por-sismo-con-estrategias-de-apoyo-socioemocional","status":"publish","type":"post","link":"https:\/\/ugel04.gob.pe\/home\/ugel-04-capacita-a-directivos-de-iiee-publicas-afectadas-por-sismo-con-estrategias-de-apoyo-socioemocional\/","title":{"rendered":"UGEL 04 CAPACITA A DIRECTIVOS DE IIEE P\u00daBLICAS AFECTADAS POR SISMO CON ESTRATEGIAS DE APOYO SOCIOEMOCIONAL"},"content":{"rendered":"<p>[et_pb_section fb_built=\u00bb1&#8243; theme_builder_area=\u00bbpost_content\u00bb _builder_version=\u00bb4.27.4&#8243; _module_preset=\u00bbdefault\u00bb da_is_popup=\u00bboff\u00bb da_exit_intent=\u00bboff\u00bb da_has_close=\u00bbon\u00bb da_alt_close=\u00bboff\u00bb da_dark_close=\u00bboff\u00bb da_not_modal=\u00bbon\u00bb da_is_singular=\u00bboff\u00bb da_with_loader=\u00bboff\u00bb da_has_shadow=\u00bbon\u00bb da_disable_devices=\u00bboff|off|off\u00bb][et_pb_row _builder_version=\u00bb4.27.4&#8243; _module_preset=\u00bbdefault\u00bb theme_builder_area=\u00bbpost_content\u00bb][et_pb_column _builder_version=\u00bb4.27.4&#8243; _module_preset=\u00bbdefault\u00bb type=\u00bb4_4&#8243; theme_builder_area=\u00bbpost_content\u00bb][et_pb_text _builder_version=\u00bb4.27.4&#8243; _module_preset=\u00bbdefault\u00bb theme_builder_area=\u00bbpost_content\u00bb hover_enabled=\u00bb0&#8243; sticky_enabled=\u00bb0&#8243;]<\/p>\n<p>Ante las incidencias provocadas por el sismo ocurrido el pasado 15 de junio, la UGEL 04 organiz\u00f3 una jornada de capacitaci\u00f3n dirigida a directores y coordinadores TOE de instituciones educativas p\u00fablicas focalizadas, con el objetivo de brindar herramientas para fortalecer la labor tutorial y el acompa\u00f1amiento socioemocional en contextos de emergencia.<\/p>\n<p>La reuni\u00f3n, conducida por especialistas del \u00c1rea de Gesti\u00f3n de Educaci\u00f3n B\u00e1sica Regular y Especial (AGEBRE), se llev\u00f3 a cabo en la IE. 2026 Sim\u00f3n Bol\u00edvar, en el distrito de Comas, y tuvo como eje principal el uso de recursos pedag\u00f3gicos para el apoyo emocional desde la tutor\u00eda escolar ante situaciones de desastre.<\/p>\n<p>Durante el taller, los participantes trabajaron en la identificaci\u00f3n de necesidades post-sismo, plantearon propuestas de intervenci\u00f3n y compartieron experiencias para promover un entorno seguro, solidario en sus respectivas instituciones.<\/p>\n<p>Gracias a esta capacitaci\u00f3n, los equipos directivos se encuentran mejor preparados para brindar contenci\u00f3n emocional a los estudiantes, coordinar acciones de apoyo desde la tutor\u00eda, orientando al personal docente y liderar con empat\u00eda ante situaciones de emergencia.<\/p>\n<p><strong>Instituciones participantes:<\/strong><\/p>\n<p>&nbsp;<\/p>\n<p>IE.2069 Santa Rosa\u00a0\u00a0\u00a0\u00a0\u00a0\u00a0\u00a0\u00a0\u00a0\u00a0\u00a0\u00a0\u00a0\u00a0\u00a0\u00a0\u00a0\u00a0\u00a0\u00a0\u00a0\u00a0\u00a0\u00a0\u00a0\u00a0\u00a0\u00a0\u00a0\u00a0\u00a0\u00a0\u00a0\u00a0\u00a0\u00a0\u00a0\u00a0\u00a0\u00a0\u00a0\u00a0\u00a0\u00a0<\/p>\n<p>IE.5165 Rep\u00fablica de Suecia<\/p>\n<p>IE.2084<\/p>\n<p>IE.328 San Carlos<\/p>\n<ol>\n<li>Jos\u00e9 Galvito<\/li>\n<li>Inca Garcilaso de la Vega<\/li>\n<li>F\u00e9 y Alegr\u00eda 11<\/li>\n<li>Per\u00fa Holanda<\/li>\n<\/ol>\n<p>IE.3083 Las \u00d1ustas<\/p>\n<p>IE.3072 Augusto Salazar Bondy<\/p>\n<ol>\n<li>Comercio 62 Almirante Miguel Grau<\/li>\n<li>Ram\u00f3n Castilla<\/li>\n<\/ol>\n<p>IE.2031 Jos\u00e9 Valverde Caro<\/p>\n<p>IE.3059 Rep\u00fablica de Israel<\/p>\n<p>&nbsp;<\/p>\n<ol>\n<li>3062 Santa Rosa<\/li>\n<\/ol>\n<p>IE.3066 Se\u00f1or de los Milagros<\/p>\n<ol>\n<li>Carlos Wiesse<\/li>\n<li>Carmen Alto<\/li>\n<li>Esther Festini Ramos Ocampo<\/li>\n<li>2047<\/li>\n<li>2046 Virgen de las Mercedes<\/li>\n<\/ol>\n<p>IE.3061 Jorge Ch\u00e1vez Dartnell<\/p>\n<p>IE.3068 San Judas Tadeo<\/p>\n<ol>\n<li>Estados Unidos<\/li>\n<li>Jes\u00fas Obrero<\/li>\n<li>Rep\u00fablica de Canad\u00e1<\/li>\n<li>Santa Isolina<\/li>\n<\/ol>\n<p>[\/et_pb_text][\/et_pb_column][\/et_pb_row][\/et_pb_section]<\/p>\n","protected":false},"excerpt":{"rendered":"<p>Ante las incidencias provocadas por el sismo ocurrido el pasado 15 de junio, la UGEL 04 organiz\u00f3 una jornada de capacitaci\u00f3n dirigida a directores y coordinadores TOE de instituciones educativas [&hellip;]<\/p>\n","protected":false},"author":1,"featured_media":259812,"comment_status":"open","ping_status":"open","sticky":false,"template":"","format":"standard","meta":{"_et_pb_use_builder":"on","_et_pb_old_content":"","_et_gb_content_width":"1080","footnotes":""},"categories":[10],"tags":[],"class_list":["post-259811","post","type-post","status-publish","format-standard","has-post-thumbnail","hentry","category-noticias"],"_links":{"self":[{"href":"https:\/\/ugel04.gob.pe\/home\/wp-json\/wp\/v2\/posts\/259811","targetHints":{"allow":["GET"]}}],"collection":[{"href":"https:\/\/ugel04.gob.pe\/home\/wp-json\/wp\/v2\/posts"}],"about":[{"href":"https:\/\/ugel04.gob.pe\/home\/wp-json\/wp\/v2\/types\/post"}],"author":[{"embeddable":true,"href":"https:\/\/ugel04.gob.pe\/home\/wp-json\/wp\/v2\/users\/1"}],"replies":[{"embeddable":true,"href":"https:\/\/ugel04.gob.pe\/home\/wp-json\/wp\/v2\/comments?post=259811"}],"version-history":[{"count":2,"href":"https:\/\/ugel04.gob.pe\/home\/wp-json\/wp\/v2\/posts\/259811\/revisions"}],"predecessor-version":[{"id":259814,"href":"https:\/\/ugel04.gob.pe\/home\/wp-json\/wp\/v2\/posts\/259811\/revisions\/259814"}],"wp:featuredmedia":[{"embeddable":true,"href":"https:\/\/ugel04.gob.pe\/home\/wp-json\/wp\/v2\/media\/259812"}],"wp:attachment":[{"href":"https:\/\/ugel04.gob.pe\/home\/wp-json\/wp\/v2\/media?parent=259811"}],"wp:term":[{"taxonomy":"category","embeddable":true,"href":"https:\/\/ugel04.gob.pe\/home\/wp-json\/wp\/v2\/categories?post=259811"},{"taxonomy":"post_tag","embeddable":true,"href":"https:\/\/ugel04.gob.pe\/home\/wp-json\/wp\/v2\/tags?post=259811"}],"curies":[{"name":"wp","href":"https:\/\/api.w.org\/{rel}","templated":true}]}}