{"id":259803,"date":"2025-07-02T17:54:55","date_gmt":"2025-07-02T22:54:55","guid":{"rendered":"https:\/\/ugel04.gob.pe\/home\/?p=259803"},"modified":"2025-07-02T17:55:05","modified_gmt":"2025-07-02T22:55:05","slug":"estudiantes-de-ie-3059-republica-de-israel-retoman-clases-presenciales-en-sede-de-ie-2100","status":"publish","type":"post","link":"https:\/\/ugel04.gob.pe\/home\/estudiantes-de-ie-3059-republica-de-israel-retoman-clases-presenciales-en-sede-de-ie-2100\/","title":{"rendered":"ESTUDIANTES DE IE. 3059 REP\u00daBLICA DE ISRAEL RETOMAN CLASES PRESENCIALES EN SEDE DE IE. 2100"},"content":{"rendered":"<p>[et_pb_section fb_built=\u00bb1&#8243; theme_builder_area=\u00bbpost_content\u00bb _builder_version=\u00bb4.27.4&#8243; _module_preset=\u00bbdefault\u00bb da_is_popup=\u00bboff\u00bb da_exit_intent=\u00bboff\u00bb da_has_close=\u00bbon\u00bb da_alt_close=\u00bboff\u00bb da_dark_close=\u00bboff\u00bb da_not_modal=\u00bbon\u00bb da_is_singular=\u00bboff\u00bb da_with_loader=\u00bboff\u00bb da_has_shadow=\u00bbon\u00bb da_disable_devices=\u00bboff|off|off\u00bb][et_pb_row _builder_version=\u00bb4.27.4&#8243; _module_preset=\u00bbdefault\u00bb theme_builder_area=\u00bbpost_content\u00bb][et_pb_column _builder_version=\u00bb4.27.4&#8243; _module_preset=\u00bbdefault\u00bb type=\u00bb4_4&#8243; theme_builder_area=\u00bbpost_content\u00bb][et_pb_text _builder_version=\u00bb4.27.4&#8243; _module_preset=\u00bbdefault\u00bb theme_builder_area=\u00bbpost_content\u00bb hover_enabled=\u00bb0&#8243; sticky_enabled=\u00bb0&#8243;]<\/p>\n<p>Con alegr\u00eda y gran entusiasmo, m\u00e1s de 300 estudiantes del nivel primaria de la IE. 3059 Rep\u00fablica de Israel reiniciaron hoy sus clases presenciales, de manera temporal, en la sede de la IE. 2100 Juan Velasco Alvarado, ubicada en El Parral, tras la declaratoria de inhabitabilidad de su local escolar a causa del sismo ocurrido el pasado 15 de junio.<\/p>\n<p>La ceremonia de bienvenida cont\u00f3 con la participaci\u00f3n del director de la DRELM, el jefe de AGEBRE, representantes de ASGESE y AGEBATP, as\u00ed como de la directora de la UGEL 04, Nelly Cunza Pr\u00edncipe, quien salud\u00f3 afectuosamente a los estudiantes y destac\u00f3 la r\u00e1pida acci\u00f3n de las autoridades educativas para garantizar la continuidad del servicio educativo en condiciones seguras y adecuadas.<\/p>\n<p>Durante la jornada, la directora de la IE. 3059 Rep\u00fablica de Israel dirigi\u00f3 un mensaje a sus alumnos, resaltando el compromiso de cuidar las instalaciones que hoy los acogen y agradeciendo el respaldo de las autoridades y el trabajo articulado de toda la comunidad educativa.<\/p>\n<p>Posteriormente, acompa\u00f1ados de sus maestras y maestros, los estudiantes fueron instal\u00e1ndose en sus nuevas aulas muy contentos, con mucha ilusi\u00f3n y listos para continuar sus aprendizajes en aulas modernas, seguras y espaciosas (Cabe recordar que la infraestructura de la IE 2100 fue recientemente inaugurada, al formar parte del proyecto de escuelas Bicentenario.<\/p>\n<p>Gracias a esta medida de emergencia, los escolares de la IE 3059 \u201cRep\u00fablica de Israel\u201d vienen recibiendo clases presenciales en el turno tarde en las modernas instalaciones del colegio p\u00fablico Juan Velasco Alvarado, ubicado en el distrito de Comas, garantiz\u00e1ndose su bienestar, seguridad y derecho a una educaci\u00f3n de calidad.<\/p>\n<p>[\/et_pb_text][\/et_pb_column][\/et_pb_row][\/et_pb_section]<\/p>\n","protected":false},"excerpt":{"rendered":"<p>Con alegr\u00eda y gran entusiasmo, m\u00e1s de 300 estudiantes del nivel primaria de la IE. 3059 Rep\u00fablica de Israel reiniciaron hoy sus clases presenciales, de manera temporal, en la sede [&hellip;]<\/p>\n","protected":false},"author":1,"featured_media":259804,"comment_status":"open","ping_status":"open","sticky":false,"template":"","format":"standard","meta":{"_et_pb_use_builder":"on","_et_pb_old_content":"","_et_gb_content_width":"1080","footnotes":""},"categories":[10],"tags":[],"class_list":["post-259803","post","type-post","status-publish","format-standard","has-post-thumbnail","hentry","category-noticias"],"_links":{"self":[{"href":"https:\/\/ugel04.gob.pe\/home\/wp-json\/wp\/v2\/posts\/259803","targetHints":{"allow":["GET"]}}],"collection":[{"href":"https:\/\/ugel04.gob.pe\/home\/wp-json\/wp\/v2\/posts"}],"about":[{"href":"https:\/\/ugel04.gob.pe\/home\/wp-json\/wp\/v2\/types\/post"}],"author":[{"embeddable":true,"href":"https:\/\/ugel04.gob.pe\/home\/wp-json\/wp\/v2\/users\/1"}],"replies":[{"embeddable":true,"href":"https:\/\/ugel04.gob.pe\/home\/wp-json\/wp\/v2\/comments?post=259803"}],"version-history":[{"count":2,"href":"https:\/\/ugel04.gob.pe\/home\/wp-json\/wp\/v2\/posts\/259803\/revisions"}],"predecessor-version":[{"id":259806,"href":"https:\/\/ugel04.gob.pe\/home\/wp-json\/wp\/v2\/posts\/259803\/revisions\/259806"}],"wp:featuredmedia":[{"embeddable":true,"href":"https:\/\/ugel04.gob.pe\/home\/wp-json\/wp\/v2\/media\/259804"}],"wp:attachment":[{"href":"https:\/\/ugel04.gob.pe\/home\/wp-json\/wp\/v2\/media?parent=259803"}],"wp:term":[{"taxonomy":"category","embeddable":true,"href":"https:\/\/ugel04.gob.pe\/home\/wp-json\/wp\/v2\/categories?post=259803"},{"taxonomy":"post_tag","embeddable":true,"href":"https:\/\/ugel04.gob.pe\/home\/wp-json\/wp\/v2\/tags?post=259803"}],"curies":[{"name":"wp","href":"https:\/\/api.w.org\/{rel}","templated":true}]}}