{"id":259794,"date":"2025-07-02T14:25:26","date_gmt":"2025-07-02T19:25:26","guid":{"rendered":"https:\/\/ugel04.gob.pe\/home\/?p=259794"},"modified":"2025-07-02T14:25:27","modified_gmt":"2025-07-02T19:25:27","slug":"cetpro-juana-iris-cuadros-realiza-expoferia-por-el-dia-del-logro","status":"publish","type":"post","link":"https:\/\/ugel04.gob.pe\/home\/cetpro-juana-iris-cuadros-realiza-expoferia-por-el-dia-del-logro\/","title":{"rendered":"CETPRO JUANA IRIS CUADROS REALIZA EXPOFERIA POR EL D\u00cdA DEL LOGRO"},"content":{"rendered":"<p>[et_pb_section fb_built=\u00bb1&#8243; theme_builder_area=\u00bbpost_content\u00bb _builder_version=\u00bb4.27.4&#8243; _module_preset=\u00bbdefault\u00bb da_is_popup=\u00bboff\u00bb da_exit_intent=\u00bboff\u00bb da_has_close=\u00bbon\u00bb da_alt_close=\u00bboff\u00bb da_dark_close=\u00bboff\u00bb da_not_modal=\u00bbon\u00bb da_is_singular=\u00bboff\u00bb da_with_loader=\u00bboff\u00bb da_has_shadow=\u00bbon\u00bb da_disable_devices=\u00bboff|off|off\u00bb][et_pb_row _builder_version=\u00bb4.27.4&#8243; _module_preset=\u00bbdefault\u00bb theme_builder_area=\u00bbpost_content\u00bb][et_pb_column _builder_version=\u00bb4.27.4&#8243; _module_preset=\u00bbdefault\u00bb type=\u00bb4_4&#8243; theme_builder_area=\u00bbpost_content\u00bb][et_pb_text _builder_version=\u00bb4.27.4&#8243; _module_preset=\u00bbdefault\u00bb theme_builder_area=\u00bbpost_content\u00bb hover_enabled=\u00bb0&#8243; sticky_enabled=\u00bb0&#8243;]<\/p>\n<p><strong>El CETPRO Juana Iris Cuadros Rivera de Puente Piedra vivi\u00f3 una jornada llena de entusiasmo y creatividad realizando su esperado D\u00eda del Logro, una actividad en la que los estudiantes compartieron con vecinos y p\u00fablico en general los avances alcanzados durante el primer semestre acad\u00e9mico.<\/strong><\/p>\n<p>El evento, se convirti\u00f3 por unas horas en una gran vitrina de innovaci\u00f3n t\u00e9cnica, con 26 coloridos stands que reflejan el compromiso de los j\u00f3venes por construir su futuro con esfuerzo y dedicaci\u00f3n.<\/p>\n<p>La feria se desarroll\u00f3 en los alrededores de la Plaza Mayor del distrito y emprendedoras los estudiantes acompa\u00f1ados por sus promotores y docentes, explicaron con entusiasmo los detalles de sus proyectos, invitaron a los asistentes a conocer su formaci\u00f3n y los animaron a sumarse a la familia del CETPRO.<\/p>\n<p>La jornada cont\u00f3 con la presencia del director de la instituci\u00f3n, Beato Arias, quien dio la bienvenida a los representantes del municipio de Puente Piedra y a los especialistas de la UGEL 04 del equipo AGEBATP. Juntos recorrieron los stands, compartieron con los estudiantes y expresaron su reconocimiento por la calidad de los trabajos presentados.<\/p>\n<p>\u00a0El CETPRO Juana Iris no solo ense\u00f1a un oficio, sino que forma personas con valores y visi\u00f3n de futuro, destac\u00f3 el director Arias, quien agradeci\u00f3 el respaldo de la UGEL 04 y el inter\u00e9s de la comunidad por apoyar la educaci\u00f3n t\u00e9cnica como una opci\u00f3n real y valiosa para acceder al mundo laboral.<\/p>\n<p>De esta manera, el D\u00eda del Logro reafirma el compromiso de los 11 CETPRO de nuestra jurisdicci\u00f3n, los cuales, a su vez, llevar\u00e1n a cabo sus respectivas expoferias con el firme prop\u00f3sito de seguir formando, con calidad, a j\u00f3venes y adultos preparados para enfrentar los retos del mercado laboral y contribuir al desarrollo de sus comunidades<\/p>\n<p>[\/et_pb_text][\/et_pb_column][\/et_pb_row][\/et_pb_section]<\/p>\n","protected":false},"excerpt":{"rendered":"<p>El CETPRO Juana Iris Cuadros Rivera de Puente Piedra vivi\u00f3 una jornada llena de entusiasmo y creatividad realizando su esperado D\u00eda del Logro, una actividad en la que los estudiantes [&hellip;]<\/p>\n","protected":false},"author":1,"featured_media":259795,"comment_status":"closed","ping_status":"closed","sticky":false,"template":"","format":"standard","meta":{"_et_pb_use_builder":"on","_et_pb_old_content":"","_et_gb_content_width":"","footnotes":""},"categories":[10],"tags":[],"class_list":["post-259794","post","type-post","status-publish","format-standard","has-post-thumbnail","hentry","category-noticias"],"_links":{"self":[{"href":"https:\/\/ugel04.gob.pe\/home\/wp-json\/wp\/v2\/posts\/259794","targetHints":{"allow":["GET"]}}],"collection":[{"href":"https:\/\/ugel04.gob.pe\/home\/wp-json\/wp\/v2\/posts"}],"about":[{"href":"https:\/\/ugel04.gob.pe\/home\/wp-json\/wp\/v2\/types\/post"}],"author":[{"embeddable":true,"href":"https:\/\/ugel04.gob.pe\/home\/wp-json\/wp\/v2\/users\/1"}],"replies":[{"embeddable":true,"href":"https:\/\/ugel04.gob.pe\/home\/wp-json\/wp\/v2\/comments?post=259794"}],"version-history":[{"count":2,"href":"https:\/\/ugel04.gob.pe\/home\/wp-json\/wp\/v2\/posts\/259794\/revisions"}],"predecessor-version":[{"id":259797,"href":"https:\/\/ugel04.gob.pe\/home\/wp-json\/wp\/v2\/posts\/259794\/revisions\/259797"}],"wp:featuredmedia":[{"embeddable":true,"href":"https:\/\/ugel04.gob.pe\/home\/wp-json\/wp\/v2\/media\/259795"}],"wp:attachment":[{"href":"https:\/\/ugel04.gob.pe\/home\/wp-json\/wp\/v2\/media?parent=259794"}],"wp:term":[{"taxonomy":"category","embeddable":true,"href":"https:\/\/ugel04.gob.pe\/home\/wp-json\/wp\/v2\/categories?post=259794"},{"taxonomy":"post_tag","embeddable":true,"href":"https:\/\/ugel04.gob.pe\/home\/wp-json\/wp\/v2\/tags?post=259794"}],"curies":[{"name":"wp","href":"https:\/\/api.w.org\/{rel}","templated":true}]}}