{"id":259790,"date":"2025-07-01T14:53:22","date_gmt":"2025-07-01T19:53:22","guid":{"rendered":"https:\/\/ugel04.gob.pe\/home\/?p=259790"},"modified":"2025-07-01T14:53:33","modified_gmt":"2025-07-01T19:53:33","slug":"se-oficializa-acuerdo-para-reubicacion-temporal-de-ie-3059-republica-de-israel","status":"publish","type":"post","link":"https:\/\/ugel04.gob.pe\/home\/se-oficializa-acuerdo-para-reubicacion-temporal-de-ie-3059-republica-de-israel\/","title":{"rendered":"SE OFICIALIZA ACUERDO PARA REUBICACI\u00d3N TEMPORAL DE IE 3059 REP\u00daBLICA DE ISRAEL"},"content":{"rendered":"<p>[et_pb_section fb_built=\u00bb1&#8243; theme_builder_area=\u00bbpost_content\u00bb _builder_version=\u00bb4.27.4&#8243; _module_preset=\u00bbdefault\u00bb da_is_popup=\u00bboff\u00bb da_exit_intent=\u00bboff\u00bb da_has_close=\u00bbon\u00bb da_alt_close=\u00bboff\u00bb da_dark_close=\u00bboff\u00bb da_not_modal=\u00bbon\u00bb da_is_singular=\u00bboff\u00bb da_with_loader=\u00bboff\u00bb da_has_shadow=\u00bbon\u00bb da_disable_devices=\u00bboff|off|off\u00bb][et_pb_row _builder_version=\u00bb4.27.4&#8243; _module_preset=\u00bbdefault\u00bb theme_builder_area=\u00bbpost_content\u00bb][et_pb_column _builder_version=\u00bb4.27.4&#8243; _module_preset=\u00bbdefault\u00bb type=\u00bb4_4&#8243; theme_builder_area=\u00bbpost_content\u00bb][et_pb_text _builder_version=\u00bb4.27.4&#8243; _module_preset=\u00bbdefault\u00bb theme_builder_area=\u00bbpost_content\u00bb hover_enabled=\u00bb0&#8243; sticky_enabled=\u00bb0&#8243;]<\/p>\n<p>La UGEL 04 realiz\u00f3 la entrega del acta que oficializa la reubicaci\u00f3n temporal de los estudiantes del nivel primaria de la IE. 3059 Rep\u00fablica de Israel del distrito de Comas, a las instalaciones de la IE 2100 Juan Velasco Alvarado ubicada en El Parral, como medida de emergencia ante los da\u00f1os estructurales ocasionados a su infraestructura por el reciente sismo.<\/p>\n<p>El traslado permitir\u00e1 que m\u00e1s de 300 estudiantes de la IE 3059 \u2013la cual fue declarada inhabitable como consecuencia del movimiento tel\u00farico del pasado 15 junio-, reciban clases presenciales temporalmente en el turno tarde en las modernas aulas de la IE Bicentenario Juan Velasco Alvarado, garantizando as\u00ed su seguridad y comodidad.<\/p>\n<p>Durante la reuni\u00f3n, desarrollada en presencia de la titular de la UGEL 04, Nelly Cunza Pr\u00edncipe, la directora de la IE 3059 Rep\u00fablica de Israel, asumi\u00f3 el compromiso de cuidar y preservar las instalaciones asignadas junto a su plana docente, fomentando en los padres de familia y estudiantes una actitud de respeto y corresponsabilidad en el uso adecuado de los ambientes escolares.<\/p>\n<p>Cabe destacar que, la UGEL 04 a trav\u00e9s de ASGESE y dem\u00e1s \u00e1reas pedag\u00f3gicas, viene trabajando de manera articulada para garantizar la seguridad de la comunidad educativa y responder con prontitud ante situaciones de emergencia, priorizando siempre el bienestar de los estudiantes y la continuidad del servicio educativo.<\/p>\n<p>&nbsp;<\/p>\n<p>[\/et_pb_text][\/et_pb_column][\/et_pb_row][\/et_pb_section]<\/p>\n","protected":false},"excerpt":{"rendered":"<p>La UGEL 04 realiz\u00f3 la entrega del acta que oficializa la reubicaci\u00f3n temporal de los estudiantes del nivel primaria de la IE. 3059 Rep\u00fablica de Israel del distrito de Comas, [&hellip;]<\/p>\n","protected":false},"author":1,"featured_media":259791,"comment_status":"open","ping_status":"open","sticky":false,"template":"","format":"standard","meta":{"_et_pb_use_builder":"on","_et_pb_old_content":"","_et_gb_content_width":"1080","footnotes":""},"categories":[10],"tags":[],"class_list":["post-259790","post","type-post","status-publish","format-standard","has-post-thumbnail","hentry","category-noticias"],"_links":{"self":[{"href":"https:\/\/ugel04.gob.pe\/home\/wp-json\/wp\/v2\/posts\/259790","targetHints":{"allow":["GET"]}}],"collection":[{"href":"https:\/\/ugel04.gob.pe\/home\/wp-json\/wp\/v2\/posts"}],"about":[{"href":"https:\/\/ugel04.gob.pe\/home\/wp-json\/wp\/v2\/types\/post"}],"author":[{"embeddable":true,"href":"https:\/\/ugel04.gob.pe\/home\/wp-json\/wp\/v2\/users\/1"}],"replies":[{"embeddable":true,"href":"https:\/\/ugel04.gob.pe\/home\/wp-json\/wp\/v2\/comments?post=259790"}],"version-history":[{"count":2,"href":"https:\/\/ugel04.gob.pe\/home\/wp-json\/wp\/v2\/posts\/259790\/revisions"}],"predecessor-version":[{"id":259793,"href":"https:\/\/ugel04.gob.pe\/home\/wp-json\/wp\/v2\/posts\/259790\/revisions\/259793"}],"wp:featuredmedia":[{"embeddable":true,"href":"https:\/\/ugel04.gob.pe\/home\/wp-json\/wp\/v2\/media\/259791"}],"wp:attachment":[{"href":"https:\/\/ugel04.gob.pe\/home\/wp-json\/wp\/v2\/media?parent=259790"}],"wp:term":[{"taxonomy":"category","embeddable":true,"href":"https:\/\/ugel04.gob.pe\/home\/wp-json\/wp\/v2\/categories?post=259790"},{"taxonomy":"post_tag","embeddable":true,"href":"https:\/\/ugel04.gob.pe\/home\/wp-json\/wp\/v2\/tags?post=259790"}],"curies":[{"name":"wp","href":"https:\/\/api.w.org\/{rel}","templated":true}]}}