{"id":259786,"date":"2025-07-01T10:18:06","date_gmt":"2025-07-01T15:18:06","guid":{"rendered":"https:\/\/ugel04.gob.pe\/home\/?p=259786"},"modified":"2025-07-01T10:18:13","modified_gmt":"2025-07-01T15:18:13","slug":"docentes-de-educuna-reciben-asistencia-tecnica-para-fortalecer-competencias-pedagogicas","status":"publish","type":"post","link":"https:\/\/ugel04.gob.pe\/home\/docentes-de-educuna-reciben-asistencia-tecnica-para-fortalecer-competencias-pedagogicas\/","title":{"rendered":"DOCENTES DE EDUCUNA RECIBEN ASISTENCIA T\u00c9CNICA PARA FORTALECER COMPETENCIAS PEDAG\u00d3GICAS"},"content":{"rendered":"<p>[et_pb_section fb_built=\u00bb1&#8243; theme_builder_area=\u00bbpost_content\u00bb _builder_version=\u00bb4.27.4&#8243; _module_preset=\u00bbdefault\u00bb da_is_popup=\u00bboff\u00bb da_exit_intent=\u00bboff\u00bb da_has_close=\u00bbon\u00bb da_alt_close=\u00bboff\u00bb da_dark_close=\u00bboff\u00bb da_not_modal=\u00bbon\u00bb da_is_singular=\u00bboff\u00bb da_with_loader=\u00bboff\u00bb da_has_shadow=\u00bbon\u00bb da_disable_devices=\u00bboff|off|off\u00bb][et_pb_row _builder_version=\u00bb4.27.4&#8243; _module_preset=\u00bbdefault\u00bb theme_builder_area=\u00bbpost_content\u00bb][et_pb_column _builder_version=\u00bb4.27.4&#8243; _module_preset=\u00bbdefault\u00bb type=\u00bb4_4&#8243; theme_builder_area=\u00bbpost_content\u00bb][et_pb_text _builder_version=\u00bb4.27.4&#8243; _module_preset=\u00bbdefault\u00bb theme_builder_area=\u00bbpost_content\u00bb hover_enabled=\u00bb0&#8243; sticky_enabled=\u00bb0&#8243;]<\/p>\n<p>Durante dos d\u00edas consecutivos, la UGEL 04, a trav\u00e9s del equipo de especialistas del nivel de educaci\u00f3n inicial pertenecientes al AGEBRE, desarrollaron importantes asistencias t\u00e9cnicas dirigidas a directivos, docentes y auxiliares del Ciclo I \u2013 Educuna, con el objetivo de potenciar sus competencias pedag\u00f3gicas para una atenci\u00f3n de calidad a ni\u00f1as y ni\u00f1os menores de tres a\u00f1os.<\/p>\n<p>Las capacitaciones se desarrollaron en las instalaciones de la Universidad de Ciencias y Humanidades (UCH), en un ambiente participativo y reflexivo, donde los asistentes pudieron profundizar conocimientos en aspectos claves destinados a fortalecer el desarrollo infantil temprano.<\/p>\n<p>El primer d\u00eda, se abord\u00f3 la organizaci\u00f3n de espacios educativos adecuados, seguros y estimulantes para los m\u00e1s peque\u00f1os, en concordancia con la normativa vigente; en este contexto, los participantes analizaron c\u00f3mo estos entornos deben promover la autonom\u00eda, el juego libre, el bienestar y la interacci\u00f3n con otros, a trav\u00e9s de un dise\u00f1o que responda a las necesidades, intereses y etapa evolutiva de cada ni\u00f1o o ni\u00f1a.<\/p>\n<p>En tanto, durante el segundo d\u00eda, la tem\u00e1tica gir\u00f3 en torno a los materiales educativos pertinentes, considerando criterios como la observaci\u00f3n, el nivel madurativo, el simbolismo cultural y la funcionalidad. Se destac\u00f3 la importancia de ofrecer a los ni\u00f1os materiales variados, accesibles y no estructurados, que potencien su imaginaci\u00f3n y les permitan representar su entorno y vivencias cotidianas.<\/p>\n<p>Ambas jornadas permitieron a las docentes identificar mejoras para sus aulas, seleccionar estrat\u00e9gicamente los recursos y dise\u00f1ar propuestas m\u00e1s integrales y significativas para los beb\u00e9s, ni\u00f1as y ni\u00f1os que atienden.<\/p>\n<p>Cabe destacar, que esta actividad realizada por la UGEL 04 reafirma su compromiso con una educaci\u00f3n inicial que respeta la infancia y promueve aprendizajes desde el juego, el afecto y la exploraci\u00f3n.<\/p>\n<p>[\/et_pb_text][\/et_pb_column][\/et_pb_row][\/et_pb_section]<\/p>\n","protected":false},"excerpt":{"rendered":"<p>Durante dos d\u00edas consecutivos, la UGEL 04, a trav\u00e9s del equipo de especialistas del nivel de educaci\u00f3n inicial pertenecientes al AGEBRE, desarrollaron importantes asistencias t\u00e9cnicas dirigidas a directivos, docentes y [&hellip;]<\/p>\n","protected":false},"author":1,"featured_media":259787,"comment_status":"open","ping_status":"open","sticky":false,"template":"","format":"standard","meta":{"_et_pb_use_builder":"on","_et_pb_old_content":"","_et_gb_content_width":"1080","footnotes":""},"categories":[10],"tags":[],"class_list":["post-259786","post","type-post","status-publish","format-standard","has-post-thumbnail","hentry","category-noticias"],"_links":{"self":[{"href":"https:\/\/ugel04.gob.pe\/home\/wp-json\/wp\/v2\/posts\/259786","targetHints":{"allow":["GET"]}}],"collection":[{"href":"https:\/\/ugel04.gob.pe\/home\/wp-json\/wp\/v2\/posts"}],"about":[{"href":"https:\/\/ugel04.gob.pe\/home\/wp-json\/wp\/v2\/types\/post"}],"author":[{"embeddable":true,"href":"https:\/\/ugel04.gob.pe\/home\/wp-json\/wp\/v2\/users\/1"}],"replies":[{"embeddable":true,"href":"https:\/\/ugel04.gob.pe\/home\/wp-json\/wp\/v2\/comments?post=259786"}],"version-history":[{"count":2,"href":"https:\/\/ugel04.gob.pe\/home\/wp-json\/wp\/v2\/posts\/259786\/revisions"}],"predecessor-version":[{"id":259789,"href":"https:\/\/ugel04.gob.pe\/home\/wp-json\/wp\/v2\/posts\/259786\/revisions\/259789"}],"wp:featuredmedia":[{"embeddable":true,"href":"https:\/\/ugel04.gob.pe\/home\/wp-json\/wp\/v2\/media\/259787"}],"wp:attachment":[{"href":"https:\/\/ugel04.gob.pe\/home\/wp-json\/wp\/v2\/media?parent=259786"}],"wp:term":[{"taxonomy":"category","embeddable":true,"href":"https:\/\/ugel04.gob.pe\/home\/wp-json\/wp\/v2\/categories?post=259786"},{"taxonomy":"post_tag","embeddable":true,"href":"https:\/\/ugel04.gob.pe\/home\/wp-json\/wp\/v2\/tags?post=259786"}],"curies":[{"name":"wp","href":"https:\/\/api.w.org\/{rel}","templated":true}]}}