{"id":259761,"date":"2025-06-27T10:36:19","date_gmt":"2025-06-27T15:36:19","guid":{"rendered":"https:\/\/ugel04.gob.pe\/home\/?p=259761"},"modified":"2025-06-27T10:36:27","modified_gmt":"2025-06-27T15:36:27","slug":"madres-padres-y-cuidadores-reflexionan-sobre-crianza-responsable-en-i-encuentro-de-familias","status":"publish","type":"post","link":"https:\/\/ugel04.gob.pe\/home\/madres-padres-y-cuidadores-reflexionan-sobre-crianza-responsable-en-i-encuentro-de-familias\/","title":{"rendered":"MADRES, PADRES Y CUIDADORES REFLEXIONAN SOBRE CRIANZA RESPONSABLE EN I ENCUENTRO DE FAMILIAS"},"content":{"rendered":"<p>[et_pb_section fb_built=\u00bb1&#8243; theme_builder_area=\u00bbpost_content\u00bb _builder_version=\u00bb4.27.4&#8243; _module_preset=\u00bbdefault\u00bb da_is_popup=\u00bboff\u00bb da_exit_intent=\u00bboff\u00bb da_has_close=\u00bbon\u00bb da_alt_close=\u00bboff\u00bb da_dark_close=\u00bboff\u00bb da_not_modal=\u00bbon\u00bb da_is_singular=\u00bboff\u00bb da_with_loader=\u00bboff\u00bb da_has_shadow=\u00bbon\u00bb da_disable_devices=\u00bboff|off|off\u00bb][et_pb_row _builder_version=\u00bb4.27.4&#8243; _module_preset=\u00bbdefault\u00bb theme_builder_area=\u00bbpost_content\u00bb][et_pb_column _builder_version=\u00bb4.27.4&#8243; _module_preset=\u00bbdefault\u00bb type=\u00bb4_4&#8243; theme_builder_area=\u00bbpost_content\u00bb][et_pb_text _builder_version=\u00bb4.27.4&#8243; _module_preset=\u00bbdefault\u00bb theme_builder_area=\u00bbpost_content\u00bb hover_enabled=\u00bb0&#8243; sticky_enabled=\u00bb0&#8243;]<\/p>\n<p>Con el objetivo de fortalecer el rol que cumplen las madres, los padres y los cuidadores como primeros educadores en la vida de ni\u00f1as y ni\u00f1os, se viene desarrollando el I Encuentro de Familias, un espacio de reflexi\u00f3n y aprendizaje en torno a la crianza responsable y afectiva, impulsado por la UGEL 04 a trav\u00e9s de sus escuelas de familia en educaci\u00f3n inicial.<\/p>\n<p>Estos encuentros, dirigidos a la comunidad educativa de diversas zonas del distrito, cuentan con la participaci\u00f3n de ponentes del Programa Integral Nacional para el Bienestar Familiar (INABIF) y abordan temas fundamentales como las funciones y roles de la familia, la distribuci\u00f3n de responsabilidades, el trabajo conjunto entre madres y padres, y la importancia del apoyo emocional en el desarrollo infantil.<\/p>\n<p>Cabe mencionar que las sesiones realizan de manera descentralizada; hasta el momento se han llevado a cabo en la I.E. 594 Jes\u00fas Amigo (para familias de Anc\u00f3n y Santa Rosa) y en la I.E. Luis Braille (para familias de Comas), el pr\u00f3ximo taller se realizar\u00e1 el 9 de julio en la I.E. 2051, dirigido a madres, padres y cuidadores de Carabayllo.<\/p>\n<p>Durante los talleres se invita a repensar mitos sobre los roles de g\u00e9nero, promover la comunicaci\u00f3n positiva, resolver conflictos y fortalecer los lazos familiares desde el respeto y la empat\u00eda, dichas experiencias buscan fortalecer el v\u00ednculo entre la familia y la instituci\u00f3n educativa, promoviendo la participaci\u00f3n activa de los hogares en el proceso formativo de la primera infancia.<\/p>\n<p>[\/et_pb_text][\/et_pb_column][\/et_pb_row][\/et_pb_section]<\/p>\n","protected":false},"excerpt":{"rendered":"<p>Con el objetivo de fortalecer el rol que cumplen las madres, los padres y los cuidadores como primeros educadores en la vida de ni\u00f1as y ni\u00f1os, se viene desarrollando el [&hellip;]<\/p>\n","protected":false},"author":1,"featured_media":259762,"comment_status":"open","ping_status":"open","sticky":false,"template":"","format":"standard","meta":{"_et_pb_use_builder":"on","_et_pb_old_content":"","_et_gb_content_width":"1080","footnotes":""},"categories":[10],"tags":[],"class_list":["post-259761","post","type-post","status-publish","format-standard","has-post-thumbnail","hentry","category-noticias"],"_links":{"self":[{"href":"https:\/\/ugel04.gob.pe\/home\/wp-json\/wp\/v2\/posts\/259761","targetHints":{"allow":["GET"]}}],"collection":[{"href":"https:\/\/ugel04.gob.pe\/home\/wp-json\/wp\/v2\/posts"}],"about":[{"href":"https:\/\/ugel04.gob.pe\/home\/wp-json\/wp\/v2\/types\/post"}],"author":[{"embeddable":true,"href":"https:\/\/ugel04.gob.pe\/home\/wp-json\/wp\/v2\/users\/1"}],"replies":[{"embeddable":true,"href":"https:\/\/ugel04.gob.pe\/home\/wp-json\/wp\/v2\/comments?post=259761"}],"version-history":[{"count":2,"href":"https:\/\/ugel04.gob.pe\/home\/wp-json\/wp\/v2\/posts\/259761\/revisions"}],"predecessor-version":[{"id":259764,"href":"https:\/\/ugel04.gob.pe\/home\/wp-json\/wp\/v2\/posts\/259761\/revisions\/259764"}],"wp:featuredmedia":[{"embeddable":true,"href":"https:\/\/ugel04.gob.pe\/home\/wp-json\/wp\/v2\/media\/259762"}],"wp:attachment":[{"href":"https:\/\/ugel04.gob.pe\/home\/wp-json\/wp\/v2\/media?parent=259761"}],"wp:term":[{"taxonomy":"category","embeddable":true,"href":"https:\/\/ugel04.gob.pe\/home\/wp-json\/wp\/v2\/categories?post=259761"},{"taxonomy":"post_tag","embeddable":true,"href":"https:\/\/ugel04.gob.pe\/home\/wp-json\/wp\/v2\/tags?post=259761"}],"curies":[{"name":"wp","href":"https:\/\/api.w.org\/{rel}","templated":true}]}}