{"id":259747,"date":"2025-06-26T14:49:44","date_gmt":"2025-06-26T19:49:44","guid":{"rendered":"https:\/\/ugel04.gob.pe\/home\/?p=259747"},"modified":"2025-06-26T14:49:51","modified_gmt":"2025-06-26T19:49:51","slug":"continua-evaluacion-de-riesgo-e-infraestructura-en-iiee-publicas-afectadas-por-el-sismo","status":"publish","type":"post","link":"https:\/\/ugel04.gob.pe\/home\/continua-evaluacion-de-riesgo-e-infraestructura-en-iiee-publicas-afectadas-por-el-sismo\/","title":{"rendered":"CONTIN\u00daA EVALUACI\u00d3N DE RIESGO E INFRAESTRUCTURA EN IIEE P\u00daBLICAS AFECTADAS POR EL SISMO \u00a0"},"content":{"rendered":"<p>[et_pb_section fb_built=\u00bb1&#8243; theme_builder_area=\u00bbpost_content\u00bb _builder_version=\u00bb4.27.4&#8243; _module_preset=\u00bbdefault\u00bb da_is_popup=\u00bboff\u00bb da_exit_intent=\u00bboff\u00bb da_has_close=\u00bbon\u00bb da_alt_close=\u00bboff\u00bb da_dark_close=\u00bboff\u00bb da_not_modal=\u00bbon\u00bb da_is_singular=\u00bboff\u00bb da_with_loader=\u00bboff\u00bb da_has_shadow=\u00bbon\u00bb da_disable_devices=\u00bboff|off|off\u00bb][et_pb_row _builder_version=\u00bb4.27.4&#8243; _module_preset=\u00bbdefault\u00bb theme_builder_area=\u00bbpost_content\u00bb][et_pb_column _builder_version=\u00bb4.27.4&#8243; _module_preset=\u00bbdefault\u00bb type=\u00bb4_4&#8243; theme_builder_area=\u00bbpost_content\u00bb][et_pb_text _builder_version=\u00bb4.27.4&#8243; _module_preset=\u00bbdefault\u00bb theme_builder_area=\u00bbpost_content\u00bb hover_enabled=\u00bb0&#8243; sticky_enabled=\u00bb0&#8243;]<\/p>\n<p>Especialistas del \u00c1rea de Supervisi\u00f3n y Gesti\u00f3n del Servicio Educativo, funcionarios y la directora de la UGEL 04 Nelly Cunza, contin\u00faan las labores de monitoreo de las diversas instituciones educativas de nuestra jurisdicci\u00f3n, con la finalidad de recoger evidencias, concertar propuestas y encontrar soluciones a las necesidades surgidas como consecuencia del sismo ocurrido el pasado 15 de junio.<\/p>\n<p>Durante las visitas de supervisi\u00f3n, a las que se han sumado el director Marcos Tupayachi y funcionarios de la DRELM, se eval\u00faa la dimensi\u00f3n de los da\u00f1os a la infraestructura de los planteles y previa coordinaci\u00f3n con los directivos, se vienen determinando las acciones correctivas que permitan la continuidad de las clases escolares.<\/p>\n<p>En el marco de estas acciones, en la v\u00edspera se sostuvieron reuniones con personal docente y padres de familia de algunas escuelas, cuyas instalaciones se han visto afectadas con severidad poniendo en riesgo la seguridad de los estudiantes, como es el caso de la IE Per\u00fa Holanda de Comas y la IE N\u00b0 2069 Santa Rosa de Puente Piedra, para definir la forma de atenci\u00f3n educativa que asegure los aprendizajes de sus estudiantes<\/p>\n<p>Asimismo, seg\u00fan la densidad del perjuicio en las estructuras, se recomend\u00f3 a los directivos de los planteles desarrollar una serie de acciones para aislar las zonas de peligro, trasladar a los estudiantes a otros ambientes seguros, o de ser necesario, distribuir a los alumnos en dos turnos, a fin de garantizar que la ense\u00f1anza llegue en igualdad de condiciones a todos.<\/p>\n<p>En paralelo, se gestiona una visita t\u00e9cnica con el equipo de Pronied &#8211; Minedu a los colegios para emitir un informe sobre el estado de la infraestructura y as\u00ed programar el mantenimiento correctivo pertinente.<\/p>\n<p>Cabe destacra que, durante la presente inspecci\u00f3n tambi\u00e9n se visitaron las Instituciones Educativas: 2047 La Libertad,3047 Rep\u00fablica de Canad\u00e1 en Comas; IE 3074 Pedro Ruiz Gallo de Carabayllo, e IE Rep\u00fablica de Suecia en Puente Piedra.<\/p>\n<p>Con la finalidad de garantizar la seguridad de nuestra comunidad educativa, la directora de la UGEL 04 y los especialistas de ASGESE continuar\u00e1n inspeccionando los diversos planteles ubicados en los distritos de Comas, Carabayllo, Puente Piedra, Anc\u00f3n y Santa Rosa.<\/p>\n<p>&nbsp;<\/p>\n<p>[\/et_pb_text][\/et_pb_column][\/et_pb_row][\/et_pb_section]<\/p>\n","protected":false},"excerpt":{"rendered":"<p>Especialistas del \u00c1rea de Supervisi\u00f3n y Gesti\u00f3n del Servicio Educativo, funcionarios y la directora de la UGEL 04 Nelly Cunza, contin\u00faan las labores de monitoreo de las diversas instituciones educativas [&hellip;]<\/p>\n","protected":false},"author":1,"featured_media":259748,"comment_status":"open","ping_status":"open","sticky":false,"template":"","format":"standard","meta":{"_et_pb_use_builder":"on","_et_pb_old_content":"","_et_gb_content_width":"1080","footnotes":""},"categories":[10],"tags":[],"class_list":["post-259747","post","type-post","status-publish","format-standard","has-post-thumbnail","hentry","category-noticias"],"_links":{"self":[{"href":"https:\/\/ugel04.gob.pe\/home\/wp-json\/wp\/v2\/posts\/259747","targetHints":{"allow":["GET"]}}],"collection":[{"href":"https:\/\/ugel04.gob.pe\/home\/wp-json\/wp\/v2\/posts"}],"about":[{"href":"https:\/\/ugel04.gob.pe\/home\/wp-json\/wp\/v2\/types\/post"}],"author":[{"embeddable":true,"href":"https:\/\/ugel04.gob.pe\/home\/wp-json\/wp\/v2\/users\/1"}],"replies":[{"embeddable":true,"href":"https:\/\/ugel04.gob.pe\/home\/wp-json\/wp\/v2\/comments?post=259747"}],"version-history":[{"count":2,"href":"https:\/\/ugel04.gob.pe\/home\/wp-json\/wp\/v2\/posts\/259747\/revisions"}],"predecessor-version":[{"id":259750,"href":"https:\/\/ugel04.gob.pe\/home\/wp-json\/wp\/v2\/posts\/259747\/revisions\/259750"}],"wp:featuredmedia":[{"embeddable":true,"href":"https:\/\/ugel04.gob.pe\/home\/wp-json\/wp\/v2\/media\/259748"}],"wp:attachment":[{"href":"https:\/\/ugel04.gob.pe\/home\/wp-json\/wp\/v2\/media?parent=259747"}],"wp:term":[{"taxonomy":"category","embeddable":true,"href":"https:\/\/ugel04.gob.pe\/home\/wp-json\/wp\/v2\/categories?post=259747"},{"taxonomy":"post_tag","embeddable":true,"href":"https:\/\/ugel04.gob.pe\/home\/wp-json\/wp\/v2\/tags?post=259747"}],"curies":[{"name":"wp","href":"https:\/\/api.w.org\/{rel}","templated":true}]}}