{"id":259738,"date":"2025-06-26T11:24:08","date_gmt":"2025-06-26T16:24:08","guid":{"rendered":"https:\/\/ugel04.gob.pe\/home\/?p=259738"},"modified":"2025-06-26T12:11:10","modified_gmt":"2025-06-26T17:11:10","slug":"especialistas-de-ugel-04-fortalecen-capacidades-en-educacion-inclusiva-con-uso-de-inteligencia-artificial","status":"publish","type":"post","link":"https:\/\/ugel04.gob.pe\/home\/especialistas-de-ugel-04-fortalecen-capacidades-en-educacion-inclusiva-con-uso-de-inteligencia-artificial\/","title":{"rendered":"ESPECIALISTAS DE UGEL 04 FORTALECEN CAPACIDADES EN EDUCACI\u00d3N INCLUSIVA CON USO DE INTELIGENCIA ARTIFICIAL"},"content":{"rendered":"<p>[et_pb_section fb_built=\u00bb1&#8243; _builder_version=\u00bb4.27.4&#8243; _module_preset=\u00bbdefault\u00bb da_disable_devices=\u00bboff|off|off\u00bb global_colors_info=\u00bb{}\u00bb da_is_popup=\u00bboff\u00bb da_exit_intent=\u00bboff\u00bb da_has_close=\u00bbon\u00bb da_alt_close=\u00bboff\u00bb da_dark_close=\u00bboff\u00bb da_not_modal=\u00bbon\u00bb da_is_singular=\u00bboff\u00bb da_with_loader=\u00bboff\u00bb da_has_shadow=\u00bbon\u00bb][et_pb_row _builder_version=\u00bb4.27.4&#8243; _module_preset=\u00bbdefault\u00bb global_colors_info=\u00bb{}\u00bb][et_pb_column type=\u00bb4_4&#8243; _builder_version=\u00bb4.27.4&#8243; _module_preset=\u00bbdefault\u00bb global_colors_info=\u00bb{}\u00bb][et_pb_text _builder_version=\u00bb4.27.4&#8243; _module_preset=\u00bbdefault\u00bb global_colors_info=\u00bb{}\u00bb]<\/p>\n<p><span>En el marco de la alianza entre UNICEF y la <\/span><span class=\"html-span xdj266r x14z9mp xat24cr x1lziwak xexx8yu xyri2b x18d9i69 x1c1uobl x1hl2dhg x16tdsg8 x1vvkbs\"><a class=\"html-a xdj266r x14z9mp xat24cr x1lziwak xexx8yu xyri2b x18d9i69 x1c1uobl x1hl2dhg x16tdsg8 x1vvkbs\" tabindex=\"-1\"><\/a><\/span><span>UGEL 04, se desarroll\u00f3 una sesi\u00f3n de asistencia<\/span>\u00a0 t\u00e9cnica titulada: \u201cApoyos educativos y el uso de la IA para la educaci\u00f3n inclusiva\u201d, realizada en el auditorio de la Instituci\u00f3n Educativa Luis Braille, cuyo objetivo fue dar a conocer estrategias, herramientas y recursos basados en inteligencia artificial para atender de forma efectiva la diversidad en los entornos educativos.<\/p>\n<p>Dicho taller estuvo dirigido a especialistas de la UGEL 04, profesionales de los Programas Presupuestales 1002 y del Servicio de Apoyo Educativo (SAE), as\u00ed como a especialistas de inclusi\u00f3n de organizaciones de la sociedad civil.<\/p>\n<p>La sesi\u00f3n fue conducida por Fernando Bola\u00f1os, Oficial de Educaci\u00f3n de UNICEF &#8211; Per\u00fa, quien comparti\u00f3 experiencias y propuestas orientadas a fortalecer el trabajo inclusivo con el soporte de tecnolog\u00edas innovadoras.<\/p>\n<p>Cabe destacar que, la actividad tiene como fin generar mayores capacidades t\u00e9cnicas y recursos pedag\u00f3gicos en las comunidades educativas que promueven la inclusi\u00f3n, de esta forma, se busca consolidar el servicio de apoyo educativo mediante enfoques innovadores que permitan responder a las distintas necesidades del estudiantado.<\/p>\n<p>[\/et_pb_text][\/et_pb_column][\/et_pb_row][\/et_pb_section]<\/p>\n","protected":false},"excerpt":{"rendered":"<p>En el marco de la alianza entre UNICEF y la UGEL 04, se desarroll\u00f3 una sesi\u00f3n de asistencia\u00a0 t\u00e9cnica titulada: \u201cApoyos educativos y el uso de la IA para la [&hellip;]<\/p>\n","protected":false},"author":1,"featured_media":259739,"comment_status":"open","ping_status":"open","sticky":false,"template":"","format":"standard","meta":{"_et_pb_use_builder":"on","_et_pb_old_content":"","_et_gb_content_width":"1080","footnotes":""},"categories":[10],"tags":[],"class_list":["post-259738","post","type-post","status-publish","format-standard","has-post-thumbnail","hentry","category-noticias"],"_links":{"self":[{"href":"https:\/\/ugel04.gob.pe\/home\/wp-json\/wp\/v2\/posts\/259738","targetHints":{"allow":["GET"]}}],"collection":[{"href":"https:\/\/ugel04.gob.pe\/home\/wp-json\/wp\/v2\/posts"}],"about":[{"href":"https:\/\/ugel04.gob.pe\/home\/wp-json\/wp\/v2\/types\/post"}],"author":[{"embeddable":true,"href":"https:\/\/ugel04.gob.pe\/home\/wp-json\/wp\/v2\/users\/1"}],"replies":[{"embeddable":true,"href":"https:\/\/ugel04.gob.pe\/home\/wp-json\/wp\/v2\/comments?post=259738"}],"version-history":[{"count":3,"href":"https:\/\/ugel04.gob.pe\/home\/wp-json\/wp\/v2\/posts\/259738\/revisions"}],"predecessor-version":[{"id":259744,"href":"https:\/\/ugel04.gob.pe\/home\/wp-json\/wp\/v2\/posts\/259738\/revisions\/259744"}],"wp:featuredmedia":[{"embeddable":true,"href":"https:\/\/ugel04.gob.pe\/home\/wp-json\/wp\/v2\/media\/259739"}],"wp:attachment":[{"href":"https:\/\/ugel04.gob.pe\/home\/wp-json\/wp\/v2\/media?parent=259738"}],"wp:term":[{"taxonomy":"category","embeddable":true,"href":"https:\/\/ugel04.gob.pe\/home\/wp-json\/wp\/v2\/categories?post=259738"},{"taxonomy":"post_tag","embeddable":true,"href":"https:\/\/ugel04.gob.pe\/home\/wp-json\/wp\/v2\/tags?post=259738"}],"curies":[{"name":"wp","href":"https:\/\/api.w.org\/{rel}","templated":true}]}}