{"id":259731,"date":"2025-06-25T16:18:44","date_gmt":"2025-06-25T21:18:44","guid":{"rendered":"https:\/\/ugel04.gob.pe\/home\/?p=259731"},"modified":"2025-06-25T16:21:08","modified_gmt":"2025-06-25T21:21:08","slug":"ugel-04-impulsa-solucion-conjunta-para-reubicar-a-estudiantes-de-i-e-2069-santa-rosa-y-asegurar-clases-presenciales-tras-sismo","status":"publish","type":"post","link":"https:\/\/ugel04.gob.pe\/home\/ugel-04-impulsa-solucion-conjunta-para-reubicar-a-estudiantes-de-i-e-2069-santa-rosa-y-asegurar-clases-presenciales-tras-sismo\/","title":{"rendered":"UGEL 04 IMPULSA SOLUCI\u00d3N CONJUNTA PARA REUBICAR A ESTUDIANTES DE I.E. 2069 SANTA ROSA Y ASEGURAR CLASES PRESENCIALES TRAS SISMO"},"content":{"rendered":"<p>[et_pb_section fb_built=\u00bb1&#8243; theme_builder_area=\u00bbpost_content\u00bb _builder_version=\u00bb4.27.4&#8243; _module_preset=\u00bbdefault\u00bb da_is_popup=\u00bboff\u00bb da_exit_intent=\u00bboff\u00bb da_has_close=\u00bbon\u00bb da_alt_close=\u00bboff\u00bb da_dark_close=\u00bboff\u00bb da_not_modal=\u00bbon\u00bb da_is_singular=\u00bboff\u00bb da_with_loader=\u00bboff\u00bb da_has_shadow=\u00bbon\u00bb da_disable_devices=\u00bboff|off|off\u00bb][et_pb_row _builder_version=\u00bb4.27.4&#8243; _module_preset=\u00bbdefault\u00bb theme_builder_area=\u00bbpost_content\u00bb][et_pb_column _builder_version=\u00bb4.27.4&#8243; _module_preset=\u00bbdefault\u00bb type=\u00bb4_4&#8243; theme_builder_area=\u00bbpost_content\u00bb][et_pb_text _builder_version=\u00bb4.27.4&#8243; _module_preset=\u00bbdefault\u00bb theme_builder_area=\u00bbpost_content\u00bb hover_enabled=\u00bb0&#8243; sticky_enabled=\u00bb0&#8243;]<\/p>\n<p><strong>Frente a la emergencia generada por los recientes da\u00f1os estructurales en la I.E. 2069 Santa Rosa a causa del sismo, la UGEL 04, en articulaci\u00f3n con autoridades locales y la comunidad educativa, viene coordinando la reubicaci\u00f3n temporal de los estudiantes de la referida escuela, ubicada en el distrito de Puente Piedra.<\/strong><\/p>\n<p>Como medida inmediata, y en coordinaci\u00f3n con la Municipalidad de Puente Piedra, los dirigentes vecinales y representantes de los padres de familia, se ha previsto la instalaci\u00f3n de m\u00f3dulos temporales en el Estadio Santa Rosa, espacio designado para albergar a 18 secciones de nivel primaria y 15 de nivel secundaria que conforman dicha instituci\u00f3n educativa.<\/p>\n<p data-start=\"1958\" data-end=\"2280\">En tanto se culmina el acondicionamiento de los nuevos espacios, se ha dispuesto que las clases se desarrollen de manera remota, asegurando la continuidad del aprendizaje sin interrupciones. Esta estrategia transitoria busca preservar la calidad del servicio educativo y mantener el v\u00ednculo pedag\u00f3gico con los estudiantes.<\/p>\n<p>La directora de la UGEL 04, Nelly Cunza, inform\u00f3 que estas acciones se vienen desarrollando en estrecha articulaci\u00f3n con la Direcci\u00f3n Regional de Educaci\u00f3n de Lima Metropolitana (DRELM), el Ministerio de Educaci\u00f3n (Minedu), la Municipalidad Distrital de Puente Piedra y representantes de la comunidad organizada, con el firme compromiso de no interrumpir el derecho a la educaci\u00f3n de los estudiantes.<\/p>\n<p>\u201cEstamos comprometidos con brindar soluciones r\u00e1pidas, eficientes y seguras para nuestras escuelas. La comunidad educativa de la I.E. 2069 Santa Rosa est\u00e1 plenamente involucrada y todos estamos trabajando de manera unida para que las clases presenciales puedan continuar sin mayores contratiempos\u201d, destac\u00f3 la titular de la UGEL 04.<\/p>\n<p>Estas acciones forman parte de un plan de contingencia integral que viene ejecutando la UGEL 04 tras el reciente sismo, con visitas de inspecci\u00f3n t\u00e9cnica, evaluaci\u00f3n de da\u00f1os y coordinaci\u00f3n multisectorial en los cinco distritos de su jurisdicci\u00f3n.<\/p>\n<p>[\/et_pb_text][\/et_pb_column][\/et_pb_row][\/et_pb_section]<\/p>\n","protected":false},"excerpt":{"rendered":"<p>Frente a la emergencia generada por los recientes da\u00f1os estructurales en la I.E. 2069 Santa Rosa a causa del sismo, la UGEL 04, en articulaci\u00f3n con autoridades locales y la [&hellip;]<\/p>\n","protected":false},"author":1,"featured_media":259732,"comment_status":"closed","ping_status":"closed","sticky":false,"template":"","format":"standard","meta":{"_et_pb_use_builder":"on","_et_pb_old_content":"","_et_gb_content_width":"","footnotes":""},"categories":[10],"tags":[],"class_list":["post-259731","post","type-post","status-publish","format-standard","has-post-thumbnail","hentry","category-noticias"],"_links":{"self":[{"href":"https:\/\/ugel04.gob.pe\/home\/wp-json\/wp\/v2\/posts\/259731","targetHints":{"allow":["GET"]}}],"collection":[{"href":"https:\/\/ugel04.gob.pe\/home\/wp-json\/wp\/v2\/posts"}],"about":[{"href":"https:\/\/ugel04.gob.pe\/home\/wp-json\/wp\/v2\/types\/post"}],"author":[{"embeddable":true,"href":"https:\/\/ugel04.gob.pe\/home\/wp-json\/wp\/v2\/users\/1"}],"replies":[{"embeddable":true,"href":"https:\/\/ugel04.gob.pe\/home\/wp-json\/wp\/v2\/comments?post=259731"}],"version-history":[{"count":2,"href":"https:\/\/ugel04.gob.pe\/home\/wp-json\/wp\/v2\/posts\/259731\/revisions"}],"predecessor-version":[{"id":259734,"href":"https:\/\/ugel04.gob.pe\/home\/wp-json\/wp\/v2\/posts\/259731\/revisions\/259734"}],"wp:featuredmedia":[{"embeddable":true,"href":"https:\/\/ugel04.gob.pe\/home\/wp-json\/wp\/v2\/media\/259732"}],"wp:attachment":[{"href":"https:\/\/ugel04.gob.pe\/home\/wp-json\/wp\/v2\/media?parent=259731"}],"wp:term":[{"taxonomy":"category","embeddable":true,"href":"https:\/\/ugel04.gob.pe\/home\/wp-json\/wp\/v2\/categories?post=259731"},{"taxonomy":"post_tag","embeddable":true,"href":"https:\/\/ugel04.gob.pe\/home\/wp-json\/wp\/v2\/tags?post=259731"}],"curies":[{"name":"wp","href":"https:\/\/api.w.org\/{rel}","templated":true}]}}