{"id":259726,"date":"2025-06-24T16:56:23","date_gmt":"2025-06-24T21:56:23","guid":{"rendered":"https:\/\/ugel04.gob.pe\/home\/?p=259726"},"modified":"2025-06-24T16:56:41","modified_gmt":"2025-06-24T21:56:41","slug":"se-firma-acuerdo-para-reubicacion-temportal-de-ie-esther-festini","status":"publish","type":"post","link":"https:\/\/ugel04.gob.pe\/home\/se-firma-acuerdo-para-reubicacion-temportal-de-ie-esther-festini\/","title":{"rendered":"SE FIRMA ACUERDO PARA REUBICACI\u00d3N TEMPORTAL DE IE ESTHER FESTINI"},"content":{"rendered":"<p>[et_pb_section fb_built=\u00bb1&#8243; theme_builder_area=\u00bbpost_content\u00bb _builder_version=\u00bb4.27.4&#8243; _module_preset=\u00bbdefault\u00bb da_is_popup=\u00bboff\u00bb da_exit_intent=\u00bboff\u00bb da_has_close=\u00bbon\u00bb da_alt_close=\u00bboff\u00bb da_dark_close=\u00bboff\u00bb da_not_modal=\u00bbon\u00bb da_is_singular=\u00bboff\u00bb da_with_loader=\u00bboff\u00bb da_has_shadow=\u00bbon\u00bb da_disable_devices=\u00bboff|off|off\u00bb][et_pb_row _builder_version=\u00bb4.27.4&#8243; _module_preset=\u00bbdefault\u00bb theme_builder_area=\u00bbpost_content\u00bb][et_pb_column _builder_version=\u00bb4.27.4&#8243; _module_preset=\u00bbdefault\u00bb type=\u00bb4_4&#8243; theme_builder_area=\u00bbpost_content\u00bb][et_pb_text _builder_version=\u00bb4.27.4&#8243; _module_preset=\u00bbdefault\u00bb theme_builder_area=\u00bbpost_content\u00bb hover_enabled=\u00bb0&#8243; sticky_enabled=\u00bb0&#8243;]<\/p>\n<p>Tras una fruct\u00edfera reuni\u00f3n de trabajo, la UGEL 04 suscribi\u00f3 un acuerdo para la reubicaci\u00f3n temporal de la IE Esther Festini de Ramos Ocampo de Comas, a fin de garantizar el servicio educativo presencial de sus estudiantes, el mismo que se vio interrumpido debido al sismo ocurrido en nuestra capital la semana pasada.<\/p>\n<p>Esta reubicaci\u00f3n contempla el traslado de las estudiantes a las aulas de contingencia de la Instituci\u00f3n Educativa 2100 Juan Velasco Alvarado ubicadas en la Urb. El Parral, cuya infraestructura modular ha sido cedida temporalmente para asegurar la continuidad de las clases escolares con el modelo presencial.<\/p>\n<p>El acuerdo fue suscrito por la directora Nelly Cunza, representantes de la Municipalidad de Comas, el director del colegio, representantes de los vecinos de la zona del parque El Parral N\u00b02, representante de los padres de familia de los diferentes comit\u00e9s de aula y funcionarios de la UGEL 04.<\/p>\n<p>Cabe se\u00f1alar que, mientras se culmina el acondicionamiento los m\u00f3dulos de contingencia y se ultiman las gestiones correspondientes, las clases se desarrollar\u00e1n de manera remota, garantizando que las m\u00e1s de 1200 alumnas del nivel secundaria, de los turnos ma\u00f1ana y tarde mantengan su derecho al aprendizaje sin interrupciones.<\/p>\n<p>Con esta acci\u00f3n articulada entre autoridades educativas, ediles y la comunidad organizada, la UGEL 04 reafirma su compromiso de garantizar entornos seguros y adecuados para el desarrollo de los aprendizajes, asegurando que ninguna situaci\u00f3n de emergencia limite el derecho a la educaci\u00f3n de nuestros estudiantes.<\/p>\n<p>[\/et_pb_text][\/et_pb_column][\/et_pb_row][\/et_pb_section]<\/p>\n","protected":false},"excerpt":{"rendered":"<p>Tras una fruct\u00edfera reuni\u00f3n de trabajo, la UGEL 04 suscribi\u00f3 un acuerdo para la reubicaci\u00f3n temporal de la IE Esther Festini de Ramos Ocampo de Comas, a fin de garantizar [&hellip;]<\/p>\n","protected":false},"author":1,"featured_media":259727,"comment_status":"open","ping_status":"open","sticky":false,"template":"","format":"standard","meta":{"_et_pb_use_builder":"on","_et_pb_old_content":"","_et_gb_content_width":"1080","footnotes":""},"categories":[10],"tags":[],"class_list":["post-259726","post","type-post","status-publish","format-standard","has-post-thumbnail","hentry","category-noticias"],"_links":{"self":[{"href":"https:\/\/ugel04.gob.pe\/home\/wp-json\/wp\/v2\/posts\/259726","targetHints":{"allow":["GET"]}}],"collection":[{"href":"https:\/\/ugel04.gob.pe\/home\/wp-json\/wp\/v2\/posts"}],"about":[{"href":"https:\/\/ugel04.gob.pe\/home\/wp-json\/wp\/v2\/types\/post"}],"author":[{"embeddable":true,"href":"https:\/\/ugel04.gob.pe\/home\/wp-json\/wp\/v2\/users\/1"}],"replies":[{"embeddable":true,"href":"https:\/\/ugel04.gob.pe\/home\/wp-json\/wp\/v2\/comments?post=259726"}],"version-history":[{"count":3,"href":"https:\/\/ugel04.gob.pe\/home\/wp-json\/wp\/v2\/posts\/259726\/revisions"}],"predecessor-version":[{"id":259730,"href":"https:\/\/ugel04.gob.pe\/home\/wp-json\/wp\/v2\/posts\/259726\/revisions\/259730"}],"wp:featuredmedia":[{"embeddable":true,"href":"https:\/\/ugel04.gob.pe\/home\/wp-json\/wp\/v2\/media\/259727"}],"wp:attachment":[{"href":"https:\/\/ugel04.gob.pe\/home\/wp-json\/wp\/v2\/media?parent=259726"}],"wp:term":[{"taxonomy":"category","embeddable":true,"href":"https:\/\/ugel04.gob.pe\/home\/wp-json\/wp\/v2\/categories?post=259726"},{"taxonomy":"post_tag","embeddable":true,"href":"https:\/\/ugel04.gob.pe\/home\/wp-json\/wp\/v2\/tags?post=259726"}],"curies":[{"name":"wp","href":"https:\/\/api.w.org\/{rel}","templated":true}]}}