{"id":259706,"date":"2025-06-24T09:51:23","date_gmt":"2025-06-24T14:51:23","guid":{"rendered":"https:\/\/ugel04.gob.pe\/home\/?p=259706"},"modified":"2025-06-24T09:54:38","modified_gmt":"2025-06-24T14:54:38","slug":"se-fortalece-uso-pedagogico-de-materiales-en-eba-con-asistencia-tecnica-para-directivos-y-docentes","status":"publish","type":"post","link":"https:\/\/ugel04.gob.pe\/home\/se-fortalece-uso-pedagogico-de-materiales-en-eba-con-asistencia-tecnica-para-directivos-y-docentes\/","title":{"rendered":"SE FORTALECE USO PEDAG\u00d3GICO DE MATERIALES EN EBA CON ASISTENCIA T\u00c9CNICA PARA DIRECTIVOS Y DOCENTES"},"content":{"rendered":"<p>[et_pb_section fb_built=\u00bb1&#8243; _builder_version=\u00bb4.27.4&#8243; _module_preset=\u00bbdefault\u00bb global_colors_info=\u00bb{}\u00bb da_is_popup=\u00bboff\u00bb da_exit_intent=\u00bboff\u00bb da_has_close=\u00bbon\u00bb da_alt_close=\u00bboff\u00bb da_dark_close=\u00bboff\u00bb da_not_modal=\u00bbon\u00bb da_is_singular=\u00bboff\u00bb da_with_loader=\u00bboff\u00bb da_has_shadow=\u00bbon\u00bb da_disable_devices=\u00bboff|off|off\u00bb][et_pb_row _builder_version=\u00bb4.27.4&#8243; _module_preset=\u00bbdefault\u00bb global_colors_info=\u00bb{}\u00bb][et_pb_column type=\u00bb4_4&#8243; _builder_version=\u00bb4.27.4&#8243; _module_preset=\u00bbdefault\u00bb global_colors_info=\u00bb{}\u00bb][et_pb_text _builder_version=\u00bb4.27.4&#8243; _module_preset=\u00bbdefault\u00bb global_colors_info=\u00bb{}\u00bb]<\/p>\n<p>Con el objetivo de fortalecer la implementaci\u00f3n del uso pedag\u00f3gico de los recursos educativos en la modalidad de Educaci\u00f3n B\u00e1sica Alternativa (EBA), la UGEL 04, a trav\u00e9s del \u00c1rea de Gesti\u00f3n de la Educaci\u00f3n B\u00e1sica Alternativa, T\u00e9cnico Productiva, realiz\u00f3 una asistencia t\u00e9cnica dirigida a directores y docentes de los CEBA.<\/p>\n<p>La jornada desarrollada en las instalaciones de la Universidad C\u00e9sar Vallejo, fue liderada por el especialista de EBA de la UGEL 04, y permiti\u00f3 a los participantes analizar cr\u00edticamente el uso de los textos \u201cAprendo con Autonom\u00eda\u201d desde un enfoque pedag\u00f3gico alineado al Curr\u00edculo Nacional.<\/p>\n<p>Dicho material integra situaciones significativas contextualizadas, actividades con prop\u00f3sitos claros, elementos visuales y proyectos art\u00edsticos, todo dise\u00f1ado para fortalecer competencias y fomentar el pensamiento cr\u00edtico y reflexivo.<\/p>\n<p>Durante la capacitaci\u00f3n, se brindaron orientaciones sobre la aplicaci\u00f3n de la ficha de observaci\u00f3n como herramienta clave en el monitoreo del uso de materiales educativos. Adem\u00e1s, se identificaron nudos cr\u00edticos como la falta de retroalimentaci\u00f3n efectiva por parte del docente, ausencia de estrategias para fomentar la autonom\u00eda del estudiante y baja integraci\u00f3n de las TIC como recurso complementario.<\/p>\n<p>Ante ello, se propusieron estrategias de mejora para garantizar que los materiales educativos cumplan con su prop\u00f3sito formativo: promover el aprendizaje aut\u00f3nomo, la participaci\u00f3n activa y el pensamiento cr\u00edtico.<\/p>\n<p>Uno de los momentos centrales fue el an\u00e1lisis de una sesi\u00f3n de aprendizaje dirigida a estudiantes del ciclo avanzado, en la que se enfatiz\u00f3 el uso del texto informativo como evidencia de aprendizaje. Asimismo, se reflexion\u00f3 sobre el rol del docente como mediador y sobre la alternancia entre espacios presenciales y asincr\u00f3nicos como parte del enfoque semipresencial en EBA.<\/p>\n<p>La actividad tambi\u00e9n reafirm\u00f3 el compromiso institucional con una convivencia respetuosa y colaborativa, as\u00ed como la importancia del soporte socioemocional y la flexibilidad pedag\u00f3gica en la atenci\u00f3n educativa de j\u00f3venes y adultos.<\/p>\n<p>[\/et_pb_text][\/et_pb_column][\/et_pb_row][\/et_pb_section]<\/p>\n","protected":false},"excerpt":{"rendered":"<p>Con el objetivo de fortalecer la implementaci\u00f3n del uso pedag\u00f3gico de los recursos educativos en la modalidad de Educaci\u00f3n B\u00e1sica Alternativa (EBA), la UGEL 04, a trav\u00e9s del \u00c1rea de [&hellip;]<\/p>\n","protected":false},"author":1,"featured_media":259707,"comment_status":"open","ping_status":"open","sticky":false,"template":"","format":"standard","meta":{"_et_pb_use_builder":"on","_et_pb_old_content":"","_et_gb_content_width":"1080","footnotes":""},"categories":[10],"tags":[],"class_list":["post-259706","post","type-post","status-publish","format-standard","has-post-thumbnail","hentry","category-noticias"],"_links":{"self":[{"href":"https:\/\/ugel04.gob.pe\/home\/wp-json\/wp\/v2\/posts\/259706","targetHints":{"allow":["GET"]}}],"collection":[{"href":"https:\/\/ugel04.gob.pe\/home\/wp-json\/wp\/v2\/posts"}],"about":[{"href":"https:\/\/ugel04.gob.pe\/home\/wp-json\/wp\/v2\/types\/post"}],"author":[{"embeddable":true,"href":"https:\/\/ugel04.gob.pe\/home\/wp-json\/wp\/v2\/users\/1"}],"replies":[{"embeddable":true,"href":"https:\/\/ugel04.gob.pe\/home\/wp-json\/wp\/v2\/comments?post=259706"}],"version-history":[{"count":3,"href":"https:\/\/ugel04.gob.pe\/home\/wp-json\/wp\/v2\/posts\/259706\/revisions"}],"predecessor-version":[{"id":259711,"href":"https:\/\/ugel04.gob.pe\/home\/wp-json\/wp\/v2\/posts\/259706\/revisions\/259711"}],"wp:featuredmedia":[{"embeddable":true,"href":"https:\/\/ugel04.gob.pe\/home\/wp-json\/wp\/v2\/media\/259707"}],"wp:attachment":[{"href":"https:\/\/ugel04.gob.pe\/home\/wp-json\/wp\/v2\/media?parent=259706"}],"wp:term":[{"taxonomy":"category","embeddable":true,"href":"https:\/\/ugel04.gob.pe\/home\/wp-json\/wp\/v2\/categories?post=259706"},{"taxonomy":"post_tag","embeddable":true,"href":"https:\/\/ugel04.gob.pe\/home\/wp-json\/wp\/v2\/tags?post=259706"}],"curies":[{"name":"wp","href":"https:\/\/api.w.org\/{rel}","templated":true}]}}