{"id":259697,"date":"2025-06-20T09:43:02","date_gmt":"2025-06-20T14:43:02","guid":{"rendered":"https:\/\/ugel04.gob.pe\/home\/?p=259697"},"modified":"2025-06-20T09:43:09","modified_gmt":"2025-06-20T14:43:09","slug":"gran-pasacalle-de-inauguracion-de-los-jedp-2025-de-la-rei-03","status":"publish","type":"post","link":"https:\/\/ugel04.gob.pe\/home\/gran-pasacalle-de-inauguracion-de-los-jedp-2025-de-la-rei-03\/","title":{"rendered":"GRAN PASACALLE DE INAUGURACI\u00d3N DE LOS JEDP 2025 DE LA REI 03"},"content":{"rendered":"<p>[et_pb_section fb_built=\u00bb1&#8243; theme_builder_area=\u00bbpost_content\u00bb _builder_version=\u00bb4.27.4&#8243; _module_preset=\u00bbdefault\u00bb da_is_popup=\u00bboff\u00bb da_exit_intent=\u00bboff\u00bb da_has_close=\u00bbon\u00bb da_alt_close=\u00bboff\u00bb da_dark_close=\u00bboff\u00bb da_not_modal=\u00bbon\u00bb da_is_singular=\u00bboff\u00bb da_with_loader=\u00bboff\u00bb da_has_shadow=\u00bbon\u00bb da_disable_devices=\u00bboff|off|off\u00bb][et_pb_row _builder_version=\u00bb4.27.4&#8243; _module_preset=\u00bbdefault\u00bb theme_builder_area=\u00bbpost_content\u00bb][et_pb_column _builder_version=\u00bb4.27.4&#8243; _module_preset=\u00bbdefault\u00bb type=\u00bb4_4&#8243; theme_builder_area=\u00bbpost_content\u00bb][et_pb_text _builder_version=\u00bb4.27.4&#8243; _module_preset=\u00bbdefault\u00bb theme_builder_area=\u00bbpost_content\u00bb hover_enabled=\u00bb0&#8243; sticky_enabled=\u00bb0&#8243;]<\/p>\n<p>Con la participaci\u00f3n entusiasta de estudiantes, docentes, padres de familia y comunidad educativa en general, se llev\u00f3 a cabo el Pasacalle de Inauguraci\u00f3n de los Juegos Escolares Deportivos y Paradeportivos 2025, organizado por la Red Educativa Institucional (REI) 03, en la Plaza Municipal de Puente Piedra.<\/p>\n<p>El concurrido evento, reuni\u00f3 a diez instituciones educativas de la REI 03 \u2013pertenecientes principalmente a la jurisdicci\u00f3n del distrito de Puente Piedra-, quienes se hicieron presentes con coloridos desfiles, demostrando estar listos para participar en las competencias de las diferentes disciplinas deportivas y paradeportivas que comenzar\u00e1n en los pr\u00f3ximos d\u00edas.<\/p>\n<p>La actividad se inici\u00f3 con las palabras de bienvenida de la directora Luz Ruiz de la I.E. Rosa Luz, Coordinadora de la REI 03, quien destac\u00f3 la importancia de estos eventos para el fomento del deporte y la integraci\u00f3n en la comunidad escolar. Tambi\u00e9n, se cont\u00f3 con la presencia de un representante de la Municipalidad de Puente Piedra, quien dirigi\u00f3 unas palabras de motivaci\u00f3n, agradeciendo a todos los presentes por su apoyo a estas iniciativas.<\/p>\n<p>Por su parte, la directora de la UGEL 04, Nelly Cunza Pr\u00edncipe, expres\u00f3 palabras de aliento a los estudiantes, motivando su participaci\u00f3n activa y juego limpio en este evento que impulsa su desarrollo f\u00edsico, emocional y social.<\/p>\n<p>El evento culmin\u00f3 con el desplazamiento de las delegaciones de las diferentes instituciones educativas, que mostraron su j\u00fabilo y preparaci\u00f3n para las competencias que se realizar\u00e1n en los d\u00edas venideros.<\/p>\n<p>Este es el comienzo de una serie de actividades deportivas que fomentar\u00e1n el esp\u00edritu de competencia sana, el trabajo en equipo y el compromiso de los estudiantes de la REI 03 con su bienestar y desarrollo integral.<\/p>\n<p>&nbsp;<\/p>\n<p>[\/et_pb_text][\/et_pb_column][\/et_pb_row][\/et_pb_section]<\/p>\n","protected":false},"excerpt":{"rendered":"<p>Con la participaci\u00f3n entusiasta de estudiantes, docentes, padres de familia y comunidad educativa en general, se llev\u00f3 a cabo el Pasacalle de Inauguraci\u00f3n de los Juegos Escolares Deportivos y Paradeportivos [&hellip;]<\/p>\n","protected":false},"author":1,"featured_media":259696,"comment_status":"open","ping_status":"open","sticky":false,"template":"","format":"standard","meta":{"_et_pb_use_builder":"on","_et_pb_old_content":"","_et_gb_content_width":"1080","footnotes":""},"categories":[10],"tags":[],"class_list":["post-259697","post","type-post","status-publish","format-standard","has-post-thumbnail","hentry","category-noticias"],"_links":{"self":[{"href":"https:\/\/ugel04.gob.pe\/home\/wp-json\/wp\/v2\/posts\/259697","targetHints":{"allow":["GET"]}}],"collection":[{"href":"https:\/\/ugel04.gob.pe\/home\/wp-json\/wp\/v2\/posts"}],"about":[{"href":"https:\/\/ugel04.gob.pe\/home\/wp-json\/wp\/v2\/types\/post"}],"author":[{"embeddable":true,"href":"https:\/\/ugel04.gob.pe\/home\/wp-json\/wp\/v2\/users\/1"}],"replies":[{"embeddable":true,"href":"https:\/\/ugel04.gob.pe\/home\/wp-json\/wp\/v2\/comments?post=259697"}],"version-history":[{"count":2,"href":"https:\/\/ugel04.gob.pe\/home\/wp-json\/wp\/v2\/posts\/259697\/revisions"}],"predecessor-version":[{"id":259699,"href":"https:\/\/ugel04.gob.pe\/home\/wp-json\/wp\/v2\/posts\/259697\/revisions\/259699"}],"wp:featuredmedia":[{"embeddable":true,"href":"https:\/\/ugel04.gob.pe\/home\/wp-json\/wp\/v2\/media\/259696"}],"wp:attachment":[{"href":"https:\/\/ugel04.gob.pe\/home\/wp-json\/wp\/v2\/media?parent=259697"}],"wp:term":[{"taxonomy":"category","embeddable":true,"href":"https:\/\/ugel04.gob.pe\/home\/wp-json\/wp\/v2\/categories?post=259697"},{"taxonomy":"post_tag","embeddable":true,"href":"https:\/\/ugel04.gob.pe\/home\/wp-json\/wp\/v2\/tags?post=259697"}],"curies":[{"name":"wp","href":"https:\/\/api.w.org\/{rel}","templated":true}]}}