{"id":259677,"date":"2025-06-18T15:30:27","date_gmt":"2025-06-18T20:30:27","guid":{"rendered":"https:\/\/ugel04.gob.pe\/home\/?p=259677"},"modified":"2025-06-18T15:30:34","modified_gmt":"2025-06-18T20:30:34","slug":"ugel-04-y-la-drelm-firman-acta-de-compromiso-para-fortalecer-la-educacion","status":"publish","type":"post","link":"https:\/\/ugel04.gob.pe\/home\/ugel-04-y-la-drelm-firman-acta-de-compromiso-para-fortalecer-la-educacion\/","title":{"rendered":"UGEL 04 Y LA DRELM FIRMAN ACTA DE COMPROMISO PARA FORTALECER LA EDUCACI\u00d3N"},"content":{"rendered":"<p>[et_pb_section fb_built=\u00bb1&#8243; theme_builder_area=\u00bbpost_content\u00bb _builder_version=\u00bb4.27.4&#8243; _module_preset=\u00bbdefault\u00bb da_is_popup=\u00bboff\u00bb da_exit_intent=\u00bboff\u00bb da_has_close=\u00bbon\u00bb da_alt_close=\u00bboff\u00bb da_dark_close=\u00bboff\u00bb da_not_modal=\u00bbon\u00bb da_is_singular=\u00bboff\u00bb da_with_loader=\u00bboff\u00bb da_has_shadow=\u00bbon\u00bb da_disable_devices=\u00bboff|off|off\u00bb][et_pb_row _builder_version=\u00bb4.27.4&#8243; _module_preset=\u00bbdefault\u00bb theme_builder_area=\u00bbpost_content\u00bb][et_pb_column _builder_version=\u00bb4.27.4&#8243; _module_preset=\u00bbdefault\u00bb type=\u00bb4_4&#8243; theme_builder_area=\u00bbpost_content\u00bb][et_pb_text _builder_version=\u00bb4.27.4&#8243; _module_preset=\u00bbdefault\u00bb theme_builder_area=\u00bbpost_content\u00bb hover_enabled=\u00bb0&#8243; sticky_enabled=\u00bb0&#8243;]<\/p>\n<p>En un acto que reafirma el compromiso con el fortalecimiento de la calidad educativa, la UGEL 04 reuni\u00f3 a los coordinadores de las Redes Educativas Institucionales (REI) para suscribir el acta de implementaci\u00f3n de la pol\u00edtica educativa regional \u201cRedes Educativas gestionan y aseguran aprendizajes\u201d, promovida por la Direcci\u00f3n Regional de Educaci\u00f3n de Lima Metropolitana (DRELM).<\/p>\n<p>El evento se llev\u00f3 a cabo en la I.E. Sim\u00f3n Bol\u00edvar, en el distrito de Comas, y cont\u00f3 con la participaci\u00f3n de la directora de la UGEL 04, Nelly Cunza; el director de la DRELM junto a su equipo de especialistas; as\u00ed como los jefes de AGEBRE, ASGESE y AGEBATP, acompa\u00f1ados por sus respectivos equipos t\u00e9cnicos.<\/p>\n<p>Durante la jornada, se destac\u00f3 la importancia del trabajo articulado entre directivos y especialistas para fortalecer la gesti\u00f3n pedag\u00f3gica y mejorar los aprendizajes estudiantiles; para el efecto, participaron 20 coordinadores de REI de los cinco distritos adscritos a nuestra jurisdicci\u00f3n, quienes conocieron los nuevos lineamientos de trabajo que consolidan a las redes como espacios de articulaci\u00f3n pedag\u00f3gica.<\/p>\n<p>Estas propuestas permitir\u00e1n atender las necesidades del territorio, fortalecer las pr\u00e1cticas docentes y generar mejores condiciones para el aprendizaje de los estudiantes.<\/p>\n<p>La firma del acta simboliza el compromiso conjunto de consolidar el rol de las REI como estrategia fundamental para garantizar una educaci\u00f3n pertinente, equitativa y de calidad en la jurisdicci\u00f3n. Este esfuerzo reafirma la apuesta por una gesti\u00f3n centrada en lo pedag\u00f3gico y el acompa\u00f1amiento cercano a las escuelas.<\/p>\n<p>Durante la jornada, el jefe de AGEBRE de la UGEL 04 present\u00f3 un balance de los avances logrados en la implementaci\u00f3n de las REI, poniendo en valor acciones como el fortalecimiento del liderazgo directivo, el acompa\u00f1amiento pedag\u00f3gico continuo y la consolidaci\u00f3n de Comunidades Profesionales de Aprendizaje (CPA), con enfoque territorial y participaci\u00f3n activa.<\/p>\n<p>Tambi\u00e9n se compartieron estrategias en curso como \u201cLiderazgo que inspira, educaci\u00f3n que transforma\u201d, la estrategia LEA para fomentar la comprensi\u00f3n lectora con apoyo docente y familiar, y el Monitoreo Integrado 360\u00b0, que impulsa a los l\u00edderes pedag\u00f3gicos en acci\u00f3n dentro de cada instituci\u00f3n educativa.<\/p>\n<p>[\/et_pb_text][\/et_pb_column][\/et_pb_row][\/et_pb_section]<\/p>\n","protected":false},"excerpt":{"rendered":"<p>En un acto que reafirma el compromiso con el fortalecimiento de la calidad educativa, la UGEL 04 reuni\u00f3 a los coordinadores de las Redes Educativas Institucionales (REI) para suscribir el [&hellip;]<\/p>\n","protected":false},"author":1,"featured_media":259678,"comment_status":"open","ping_status":"open","sticky":false,"template":"","format":"standard","meta":{"_et_pb_use_builder":"on","_et_pb_old_content":"","_et_gb_content_width":"1080","footnotes":""},"categories":[10],"tags":[],"class_list":["post-259677","post","type-post","status-publish","format-standard","has-post-thumbnail","hentry","category-noticias"],"_links":{"self":[{"href":"https:\/\/ugel04.gob.pe\/home\/wp-json\/wp\/v2\/posts\/259677","targetHints":{"allow":["GET"]}}],"collection":[{"href":"https:\/\/ugel04.gob.pe\/home\/wp-json\/wp\/v2\/posts"}],"about":[{"href":"https:\/\/ugel04.gob.pe\/home\/wp-json\/wp\/v2\/types\/post"}],"author":[{"embeddable":true,"href":"https:\/\/ugel04.gob.pe\/home\/wp-json\/wp\/v2\/users\/1"}],"replies":[{"embeddable":true,"href":"https:\/\/ugel04.gob.pe\/home\/wp-json\/wp\/v2\/comments?post=259677"}],"version-history":[{"count":2,"href":"https:\/\/ugel04.gob.pe\/home\/wp-json\/wp\/v2\/posts\/259677\/revisions"}],"predecessor-version":[{"id":259680,"href":"https:\/\/ugel04.gob.pe\/home\/wp-json\/wp\/v2\/posts\/259677\/revisions\/259680"}],"wp:featuredmedia":[{"embeddable":true,"href":"https:\/\/ugel04.gob.pe\/home\/wp-json\/wp\/v2\/media\/259678"}],"wp:attachment":[{"href":"https:\/\/ugel04.gob.pe\/home\/wp-json\/wp\/v2\/media?parent=259677"}],"wp:term":[{"taxonomy":"category","embeddable":true,"href":"https:\/\/ugel04.gob.pe\/home\/wp-json\/wp\/v2\/categories?post=259677"},{"taxonomy":"post_tag","embeddable":true,"href":"https:\/\/ugel04.gob.pe\/home\/wp-json\/wp\/v2\/tags?post=259677"}],"curies":[{"name":"wp","href":"https:\/\/api.w.org\/{rel}","templated":true}]}}