{"id":259640,"date":"2025-06-13T18:20:19","date_gmt":"2025-06-13T23:20:19","guid":{"rendered":"https:\/\/ugel04.gob.pe\/home\/?p=259640"},"modified":"2025-06-13T18:20:27","modified_gmt":"2025-06-13T23:20:27","slug":"ugel-04-capacita-a-93-directivos-en-estrategia-de-monitoreo-pedagogico-para-fortalecer-la-practica-docente","status":"publish","type":"post","link":"https:\/\/ugel04.gob.pe\/home\/ugel-04-capacita-a-93-directivos-en-estrategia-de-monitoreo-pedagogico-para-fortalecer-la-practica-docente\/","title":{"rendered":"UGEL 04 CAPACITA A 93 DIRECTIVOS EN ESTRATEGIA DE MONITOREO PEDAG\u00d3GICO PARA FORTALECER LA PR\u00c1CTICA DOCENTE"},"content":{"rendered":"<p>[et_pb_section fb_built=\u00bb1&#8243; theme_builder_area=\u00bbpost_content\u00bb _builder_version=\u00bb4.27.4&#8243; _module_preset=\u00bbdefault\u00bb da_is_popup=\u00bboff\u00bb da_exit_intent=\u00bboff\u00bb da_has_close=\u00bbon\u00bb da_alt_close=\u00bboff\u00bb da_dark_close=\u00bboff\u00bb da_not_modal=\u00bbon\u00bb da_is_singular=\u00bboff\u00bb da_with_loader=\u00bboff\u00bb da_has_shadow=\u00bbon\u00bb da_disable_devices=\u00bboff|off|off\u00bb][et_pb_row _builder_version=\u00bb4.27.4&#8243; _module_preset=\u00bbdefault\u00bb theme_builder_area=\u00bbpost_content\u00bb][et_pb_column _builder_version=\u00bb4.27.4&#8243; _module_preset=\u00bbdefault\u00bb type=\u00bb4_4&#8243; theme_builder_area=\u00bbpost_content\u00bb][et_pb_text _builder_version=\u00bb4.27.4&#8243; _module_preset=\u00bbdefault\u00bb theme_builder_area=\u00bbpost_content\u00bb hover_enabled=\u00bb0&#8243; sticky_enabled=\u00bb0&#8243;]<\/p>\n<p><strong>Con el prop\u00f3sito de fortalecer la pr\u00e1ctica pedag\u00f3gica y mejorar los aprendizajes en las instituciones educativas p\u00fablicas, la UGEL 04 desarroll\u00f3 una jornada de capacitaci\u00f3n dirigida a 93 directivos escolares como parte de la estrategia de Monitoreo Pedag\u00f3gico Integrado \u201cL\u00edderes Pedag\u00f3gicos en Acci\u00f3n\u201d.<\/strong><\/p>\n<p>La actividad se realiz\u00f3 en la IE 2026 Sim\u00f3n Bol\u00edvar, en el distrito de Comas, y cont\u00f3 con la participaci\u00f3n de la directora de la UGEL 04, Mg. Nelly Cunza Pr\u00edncipe, y el jefe del \u00c1rea de Gesti\u00f3n de la Educaci\u00f3n B\u00e1sica Regular (AGEBRE). Ambos destacaron la importancia de esta iniciativa para acompa\u00f1ar de forma directa el trabajo en el aula.<\/p>\n<p>Esta estrategia nos permite acercarnos al aula, observar la pr\u00e1ctica pedag\u00f3gica y construir mejoras concretas que impacten en el aprendizaje de nuestros estudiantes\u201d, se\u00f1al\u00f3 la directora durante su intervenci\u00f3n.<\/p>\n<p>Tras la bienvenida, los participantes fueron distribuidos en grupos y asistieron a sesiones dirigidas por especialistas de AGEBRE, quienes brindaron orientaci\u00f3n t\u00e9cnica sobre el enfoque, las herramientas y los procedimientos del monitoreo pedag\u00f3gico.<\/p>\n<p>Los directivos participantes fueron seleccionados por su experiencia y habilidades de liderazgo, y se inscribieron de manera voluntaria. A partir de esta estrategia, acompa\u00f1ar\u00e1n a los docentes mediante la observaci\u00f3n de clases y el ofrecimiento de retroalimentaci\u00f3n formativa que contribuya a una mejora continua.<\/p>\n<p>L\u00edderes Pedag\u00f3gicos en Acci\u00f3n\u201d est\u00e1 dirigida a instituciones de Educaci\u00f3n B\u00e1sica Regular y Educaci\u00f3n B\u00e1sica Especial, promoviendo un enfoque inclusivo que responda a las diversas necesidades educativas.<\/p>\n<p>Durante la jornada tambi\u00e9n se presentaron los protocolos, criterios y responsabilidades que guiar\u00e1n el proceso de monitoreo, y se establecieron acuerdos clave para asegurar su aplicaci\u00f3n efectiva en las escuelas focalizadas.<\/p>\n<p>[\/et_pb_text][\/et_pb_column][\/et_pb_row][\/et_pb_section]<\/p>\n","protected":false},"excerpt":{"rendered":"<p>Con el prop\u00f3sito de fortalecer la pr\u00e1ctica pedag\u00f3gica y mejorar los aprendizajes en las instituciones educativas p\u00fablicas, la UGEL 04 desarroll\u00f3 una jornada de capacitaci\u00f3n dirigida a 93 directivos escolares [&hellip;]<\/p>\n","protected":false},"author":1,"featured_media":259641,"comment_status":"closed","ping_status":"closed","sticky":false,"template":"","format":"standard","meta":{"_et_pb_use_builder":"on","_et_pb_old_content":"","_et_gb_content_width":"","footnotes":""},"categories":[10],"tags":[],"class_list":["post-259640","post","type-post","status-publish","format-standard","has-post-thumbnail","hentry","category-noticias"],"_links":{"self":[{"href":"https:\/\/ugel04.gob.pe\/home\/wp-json\/wp\/v2\/posts\/259640","targetHints":{"allow":["GET"]}}],"collection":[{"href":"https:\/\/ugel04.gob.pe\/home\/wp-json\/wp\/v2\/posts"}],"about":[{"href":"https:\/\/ugel04.gob.pe\/home\/wp-json\/wp\/v2\/types\/post"}],"author":[{"embeddable":true,"href":"https:\/\/ugel04.gob.pe\/home\/wp-json\/wp\/v2\/users\/1"}],"replies":[{"embeddable":true,"href":"https:\/\/ugel04.gob.pe\/home\/wp-json\/wp\/v2\/comments?post=259640"}],"version-history":[{"count":2,"href":"https:\/\/ugel04.gob.pe\/home\/wp-json\/wp\/v2\/posts\/259640\/revisions"}],"predecessor-version":[{"id":259643,"href":"https:\/\/ugel04.gob.pe\/home\/wp-json\/wp\/v2\/posts\/259640\/revisions\/259643"}],"wp:featuredmedia":[{"embeddable":true,"href":"https:\/\/ugel04.gob.pe\/home\/wp-json\/wp\/v2\/media\/259641"}],"wp:attachment":[{"href":"https:\/\/ugel04.gob.pe\/home\/wp-json\/wp\/v2\/media?parent=259640"}],"wp:term":[{"taxonomy":"category","embeddable":true,"href":"https:\/\/ugel04.gob.pe\/home\/wp-json\/wp\/v2\/categories?post=259640"},{"taxonomy":"post_tag","embeddable":true,"href":"https:\/\/ugel04.gob.pe\/home\/wp-json\/wp\/v2\/tags?post=259640"}],"curies":[{"name":"wp","href":"https:\/\/api.w.org\/{rel}","templated":true}]}}