{"id":259635,"date":"2025-06-13T16:50:09","date_gmt":"2025-06-13T21:50:09","guid":{"rendered":"https:\/\/ugel04.gob.pe\/home\/?p=259635"},"modified":"2025-06-13T16:50:55","modified_gmt":"2025-06-13T21:50:55","slug":"ugel-04-y-unicef-unen-fuerzas-para-transformar-el-futuro-de-mas-jovenes-con-maschicastec","status":"publish","type":"post","link":"https:\/\/ugel04.gob.pe\/home\/ugel-04-y-unicef-unen-fuerzas-para-transformar-el-futuro-de-mas-jovenes-con-maschicastec\/","title":{"rendered":"UGEL 04 Y UNICEF UNEN FUERZAS PARA TRANSFORMAR EL FUTURO DE M\u00c1S J\u00d3VENES CON #M\u00e1sChicasTec"},"content":{"rendered":"\n[et_pb_section fb_built=\u00bb1&#8243; theme_builder_area=\u00bbpost_content\u00bb _builder_version=\u00bb4.27.4&#8243; _module_preset=\u00bbdefault\u00bb da_is_popup=\u00bboff\u00bb da_exit_intent=\u00bboff\u00bb da_has_close=\u00bbon\u00bb da_alt_close=\u00bboff\u00bb da_dark_close=\u00bboff\u00bb da_not_modal=\u00bbon\u00bb da_is_singular=\u00bboff\u00bb da_with_loader=\u00bboff\u00bb da_has_shadow=\u00bbon\u00bb da_disable_devices=\u00bboff|off|off\u00bb][et_pb_row _builder_version=\u00bb4.27.4&#8243; _module_preset=\u00bbdefault\u00bb theme_builder_area=\u00bbpost_content\u00bb][et_pb_column _builder_version=\u00bb4.27.4&#8243; _module_preset=\u00bbdefault\u00bb type=\u00bb4_4&#8243; theme_builder_area=\u00bbpost_content\u00bb][et_pb_text _builder_version=\u00bb4.27.4&#8243; _module_preset=\u00bbdefault\u00bb theme_builder_area=\u00bbpost_content\u00bb hover_enabled=\u00bb0&#8243; sticky_enabled=\u00bb0&#8243;]<p><strong>En una reuni\u00f3n clave realizada en la sala COE de la UGEL 04, se consolid\u00f3 una valiosa alianza entre UNICEF, las \u00e1reas de AGEBRE y AGEBTP, y la Direcci\u00f3n del CETPRO Carabayllo, con el prop\u00f3sito de seguir fortaleciendo el programa #M\u00e1sChicasTec, una iniciativa transformadora que empodera a adolescentes mujeres de 15 a 19 a\u00f1os a trav\u00e9s de la tecnolog\u00eda.<\/strong><\/p>\n<p>Impulsado por UNICEF y desarrollado en conjunto con el CETPRO Carabayllo, este programa tiene como misi\u00f3n cerrar la brecha digital de g\u00e9nero, ofreciendo formaci\u00f3n especializada en dise\u00f1o y programaci\u00f3n web. A trav\u00e9s de contenidos innovadores en habilidades digitales y \u00e1reas STEM (Ciencia, Tecnolog\u00eda, Ingenier\u00eda y Matem\u00e1ticas), se busca que m\u00e1s j\u00f3venes accedan a oportunidades reales de desarrollo personal y profesional.<\/p>\n<p>Desde el a\u00f1o 2021, la UGEL 04 ha sido un aliado estrat\u00e9gico activo, brindando asesor\u00eda, seguimiento y soporte institucional en la ejecuci\u00f3n de este programa en Centros de Educaci\u00f3n T\u00e9cnico Productiva de nuestra jurisdicci\u00f3n.<\/p>\n<p>Este 2025 marca el inicio de la quinta generaci\u00f3n de #M\u00e1sChicasTec, cuyas clases comenzar\u00e1n el 7 de julio. El proceso de selecci\u00f3n de participantes ya est\u00e1 en marcha.<\/p>\n<p>El programa tiene una duraci\u00f3n de cinco meses, organizados en cinco m\u00f3dulos formativos, y culmina con una doble certificaci\u00f3n: una otorgada por el CETPRO Carabayllo y otra por UNICEF, fortaleciendo el perfil profesional de las egresadas para su incorporaci\u00f3n al competitivo mercado laboral tecnol\u00f3gico.<\/p>\n<p>Las adolescentes interesadas pueden acercarse al CETPRO Carabayllo, ubicado en Av. T\u00fapac Amaru 1663, Carabayllo, para obtener m\u00e1s informaci\u00f3n e iniciar este camino hacia un futuro con mayores oportunidades.<\/p>[\/et_pb_text][\/et_pb_column][\/et_pb_row][\/et_pb_section]\n","protected":false},"excerpt":{"rendered":"<p>En una reuni\u00f3n clave realizada en la sala COE de la UGEL 04, se consolid\u00f3 una valiosa alianza entre UNICEF, las \u00e1reas de AGEBRE y AGEBTP, y la Direcci\u00f3n del [&hellip;]<\/p>\n","protected":false},"author":1,"featured_media":259636,"comment_status":"closed","ping_status":"open","sticky":false,"template":"","format":"standard","meta":{"_et_pb_use_builder":"on","_et_pb_old_content":"","_et_gb_content_width":"1080","footnotes":""},"categories":[10],"tags":[],"class_list":["post-259635","post","type-post","status-publish","format-standard","has-post-thumbnail","hentry","category-noticias"],"_links":{"self":[{"href":"https:\/\/ugel04.gob.pe\/home\/wp-json\/wp\/v2\/posts\/259635","targetHints":{"allow":["GET"]}}],"collection":[{"href":"https:\/\/ugel04.gob.pe\/home\/wp-json\/wp\/v2\/posts"}],"about":[{"href":"https:\/\/ugel04.gob.pe\/home\/wp-json\/wp\/v2\/types\/post"}],"author":[{"embeddable":true,"href":"https:\/\/ugel04.gob.pe\/home\/wp-json\/wp\/v2\/users\/1"}],"replies":[{"embeddable":true,"href":"https:\/\/ugel04.gob.pe\/home\/wp-json\/wp\/v2\/comments?post=259635"}],"version-history":[{"count":3,"href":"https:\/\/ugel04.gob.pe\/home\/wp-json\/wp\/v2\/posts\/259635\/revisions"}],"predecessor-version":[{"id":259639,"href":"https:\/\/ugel04.gob.pe\/home\/wp-json\/wp\/v2\/posts\/259635\/revisions\/259639"}],"wp:featuredmedia":[{"embeddable":true,"href":"https:\/\/ugel04.gob.pe\/home\/wp-json\/wp\/v2\/media\/259636"}],"wp:attachment":[{"href":"https:\/\/ugel04.gob.pe\/home\/wp-json\/wp\/v2\/media?parent=259635"}],"wp:term":[{"taxonomy":"category","embeddable":true,"href":"https:\/\/ugel04.gob.pe\/home\/wp-json\/wp\/v2\/categories?post=259635"},{"taxonomy":"post_tag","embeddable":true,"href":"https:\/\/ugel04.gob.pe\/home\/wp-json\/wp\/v2\/tags?post=259635"}],"curies":[{"name":"wp","href":"https:\/\/api.w.org\/{rel}","templated":true}]}}