{"id":259629,"date":"2025-06-12T11:02:20","date_gmt":"2025-06-12T16:02:20","guid":{"rendered":"https:\/\/ugel04.gob.pe\/home\/?p=259629"},"modified":"2025-06-12T11:02:27","modified_gmt":"2025-06-12T16:02:27","slug":"eligen-a-coordinador-general-de-rei-para-periodo-2025","status":"publish","type":"post","link":"https:\/\/ugel04.gob.pe\/home\/eligen-a-coordinador-general-de-rei-para-periodo-2025\/","title":{"rendered":"ELIGEN A COORDINADOR GENERAL DE REI PARA PERIODO 2025"},"content":{"rendered":"<p>[et_pb_section fb_built=\u00bb1&#8243; theme_builder_area=\u00bbpost_content\u00bb _builder_version=\u00bb4.27.4&#8243; _module_preset=\u00bbdefault\u00bb da_is_popup=\u00bboff\u00bb da_exit_intent=\u00bboff\u00bb da_has_close=\u00bbon\u00bb da_alt_close=\u00bboff\u00bb da_dark_close=\u00bboff\u00bb da_not_modal=\u00bbon\u00bb da_is_singular=\u00bboff\u00bb da_with_loader=\u00bboff\u00bb da_has_shadow=\u00bbon\u00bb da_disable_devices=\u00bboff|off|off\u00bb][et_pb_row _builder_version=\u00bb4.27.4&#8243; _module_preset=\u00bbdefault\u00bb theme_builder_area=\u00bbpost_content\u00bb][et_pb_column _builder_version=\u00bb4.27.4&#8243; _module_preset=\u00bbdefault\u00bb type=\u00bb4_4&#8243; theme_builder_area=\u00bbpost_content\u00bb][et_pb_text _builder_version=\u00bb4.27.4&#8243; _module_preset=\u00bbdefault\u00bb theme_builder_area=\u00bbpost_content\u00bb hover_enabled=\u00bb0&#8243; sticky_enabled=\u00bb0&#8243;]<\/p>\n<p>En un espacio de participaci\u00f3n democr\u00e1tica y representativa, los coordinadores de las 20 Redes Educativas Institucionales (REI) de la UGEL 04 eligieron al profesor Adalberto Quichis como su nuevo Coordinador General, a fin de que asuma funciones durante el presente a\u00f1o escolar 2025.<\/p>\n<p>La jornada de elecci\u00f3n se realiz\u00f3 en la sala COE de la nuestra entidad, ante la presencia de la directora de la UGEL 04 Nelly Cunza, y los jefes de las \u00c1reas pedag\u00f3gicas.<\/p>\n<p>El rol del nuevo Coordinador General ser\u00e1 liderar la organizaci\u00f3n del directorio de redes, en coordinaci\u00f3n directa con la direcci\u00f3n de la UGEL y el especialista de ASGESE, quien act\u00faa como secretario del comit\u00e9. Asimismo, orientar\u00e1 a los coordinadores de las 20 REI en el fortalecimiento de los procesos pedag\u00f3gicos, promoviendo la mejora continua en cada instituci\u00f3n educativa de la jurisdicci\u00f3n.<\/p>\n<p>Este proceso fortalece la gesti\u00f3n colaborativa entre las redes educativas, reafirmando el compromiso de la UGEL 04 con una educaci\u00f3n p\u00fablica de calidad, participativa y orientada a los logros de aprendizaje de los estudiantes.<\/p>\n<p>[\/et_pb_text][\/et_pb_column][\/et_pb_row][\/et_pb_section]<\/p>\n","protected":false},"excerpt":{"rendered":"<p>En un espacio de participaci\u00f3n democr\u00e1tica y representativa, los coordinadores de las 20 Redes Educativas Institucionales (REI) de la UGEL 04 eligieron al profesor Adalberto Quichis como su nuevo Coordinador [&hellip;]<\/p>\n","protected":false},"author":1,"featured_media":259630,"comment_status":"open","ping_status":"open","sticky":false,"template":"","format":"standard","meta":{"_et_pb_use_builder":"on","_et_pb_old_content":"","_et_gb_content_width":"1080","footnotes":""},"categories":[10],"tags":[],"class_list":["post-259629","post","type-post","status-publish","format-standard","has-post-thumbnail","hentry","category-noticias"],"_links":{"self":[{"href":"https:\/\/ugel04.gob.pe\/home\/wp-json\/wp\/v2\/posts\/259629","targetHints":{"allow":["GET"]}}],"collection":[{"href":"https:\/\/ugel04.gob.pe\/home\/wp-json\/wp\/v2\/posts"}],"about":[{"href":"https:\/\/ugel04.gob.pe\/home\/wp-json\/wp\/v2\/types\/post"}],"author":[{"embeddable":true,"href":"https:\/\/ugel04.gob.pe\/home\/wp-json\/wp\/v2\/users\/1"}],"replies":[{"embeddable":true,"href":"https:\/\/ugel04.gob.pe\/home\/wp-json\/wp\/v2\/comments?post=259629"}],"version-history":[{"count":2,"href":"https:\/\/ugel04.gob.pe\/home\/wp-json\/wp\/v2\/posts\/259629\/revisions"}],"predecessor-version":[{"id":259632,"href":"https:\/\/ugel04.gob.pe\/home\/wp-json\/wp\/v2\/posts\/259629\/revisions\/259632"}],"wp:featuredmedia":[{"embeddable":true,"href":"https:\/\/ugel04.gob.pe\/home\/wp-json\/wp\/v2\/media\/259630"}],"wp:attachment":[{"href":"https:\/\/ugel04.gob.pe\/home\/wp-json\/wp\/v2\/media?parent=259629"}],"wp:term":[{"taxonomy":"category","embeddable":true,"href":"https:\/\/ugel04.gob.pe\/home\/wp-json\/wp\/v2\/categories?post=259629"},{"taxonomy":"post_tag","embeddable":true,"href":"https:\/\/ugel04.gob.pe\/home\/wp-json\/wp\/v2\/tags?post=259629"}],"curies":[{"name":"wp","href":"https:\/\/api.w.org\/{rel}","templated":true}]}}