{"id":259624,"date":"2025-06-12T10:17:27","date_gmt":"2025-06-12T15:17:27","guid":{"rendered":"https:\/\/ugel04.gob.pe\/home\/?p=259624"},"modified":"2025-06-12T10:59:13","modified_gmt":"2025-06-12T15:59:13","slug":"colegios-tecnicos-y-cetpros-fortalecen-alianzas-para-la-transitabilidad-educativa","status":"publish","type":"post","link":"https:\/\/ugel04.gob.pe\/home\/colegios-tecnicos-y-cetpros-fortalecen-alianzas-para-la-transitabilidad-educativa\/","title":{"rendered":"COLEGIOS T\u00c9CNICOS Y CETPROS FORTALECEN ALIANZAS PARA LA TRANSITABILIDAD EDUCATIVA"},"content":{"rendered":"<p>[et_pb_section fb_built=\u00bb1&#8243; theme_builder_area=\u00bbpost_content\u00bb _builder_version=\u00bb4.27.4&#8243; _module_preset=\u00bbdefault\u00bb da_is_popup=\u00bboff\u00bb da_exit_intent=\u00bboff\u00bb da_has_close=\u00bbon\u00bb da_alt_close=\u00bboff\u00bb da_dark_close=\u00bboff\u00bb da_not_modal=\u00bbon\u00bb da_is_singular=\u00bboff\u00bb da_with_loader=\u00bboff\u00bb da_has_shadow=\u00bbon\u00bb da_disable_devices=\u00bboff|off|off\u00bb][et_pb_row _builder_version=\u00bb4.27.4&#8243; _module_preset=\u00bbdefault\u00bb theme_builder_area=\u00bbpost_content\u00bb][et_pb_column _builder_version=\u00bb4.27.4&#8243; _module_preset=\u00bbdefault\u00bb type=\u00bb4_4&#8243; theme_builder_area=\u00bbpost_content\u00bb][et_pb_text _builder_version=\u00bb4.27.4&#8243; _module_preset=\u00bbdefault\u00bb theme_builder_area=\u00bbpost_content\u00bb hover_enabled=\u00bb0&#8243; sticky_enabled=\u00bb0&#8243;]<\/p>\n<p>La UGEL 04, a trav\u00e9s de AGEBRE y AGEBATP, en coordinaci\u00f3n con la DRELM, realiz\u00f3 una importante jornada informativa sobre la transitabilidad educativa, dirigida a los directivos de 23 colegios con formaci\u00f3n t\u00e9cnica y a representantes de 13 CETPROS de nuestra jurisdicci\u00f3n.<\/p>\n<p>El evento desarrollado en la IE 2100 Juan Velasco Alvarado, en el distrito de Comas, tuvo como objetivo fortalecer la articulaci\u00f3n entre la Educaci\u00f3n B\u00e1sica Regular con formaci\u00f3n t\u00e9cnica y la Educaci\u00f3n T\u00e9cnico &#8211; Productiva, promoviendo una ruta formativa clara y continua para los estudiantes hacia una carrera t\u00e9cnica y profesional.<\/p>\n<p>Esta articulaci\u00f3n busca establecer una programaci\u00f3n modular compartida que permita reconocer los cr\u00e9ditos educativos adquiridos en la secundaria t\u00e9cnica, facilitando as\u00ed que los estudiantes contin\u00faen su formaci\u00f3n en los CETPROS y accedan posteriormente a institutos superiores tecnol\u00f3gicos.<\/p>\n<p>De este modo, los j\u00f3venes podr\u00e1n obtener un t\u00edtulo t\u00e9cnico de mando medio y, m\u00e1s adelante, un t\u00edtulo profesional en la misma especialidad, mejorando sus oportunidades laborales y profesionales.<\/p>\n<p>Durante la reuni\u00f3n, se destac\u00f3 que actualmente ya existen 16 convenios firmados entre colegios t\u00e9cnicos y CETPROS, lo cual representa un avance significativo. La meta es concretar convenios con los 23 colegios que dictan esta modalidad de enese\u00f1anza en nuestra jurisdicci\u00f3n, para garantizar una formaci\u00f3n m\u00e1s completa, con acceso a equipamiento actualizado, mayor carga horaria y experiencias reales de trabajo a trav\u00e9s de proyectos educativos y ferias como \u201cCrea y Emprende\u201d.<\/p>\n<p>Los jefes de AGEBRE y de AGEBATP resaltaron la importancia de continuar fortaleciendo esta articulaci\u00f3n, destacando el compromiso de los especialistas y directivos presentes. En un ambiente de di\u00e1logo y colaboraci\u00f3n, se compartieron ideas para mejorar la implementaci\u00f3n de esta iniciativa, que busca brindar mejores oportunidades de desarrollo profesional, elevando as\u00ed la calidad de vida de toda la comunidad.<\/p>\n<p>[\/et_pb_text][\/et_pb_column][\/et_pb_row][\/et_pb_section]<\/p>\n","protected":false},"excerpt":{"rendered":"<p>La UGEL 04, a trav\u00e9s de AGEBRE y AGEBATP, en coordinaci\u00f3n con la DRELM, realiz\u00f3 una importante jornada informativa sobre la transitabilidad educativa, dirigida a los directivos de 23 colegios [&hellip;]<\/p>\n","protected":false},"author":1,"featured_media":259625,"comment_status":"open","ping_status":"open","sticky":false,"template":"","format":"standard","meta":{"_et_pb_use_builder":"on","_et_pb_old_content":"","_et_gb_content_width":"1080","footnotes":""},"categories":[10],"tags":[],"class_list":["post-259624","post","type-post","status-publish","format-standard","has-post-thumbnail","hentry","category-noticias"],"_links":{"self":[{"href":"https:\/\/ugel04.gob.pe\/home\/wp-json\/wp\/v2\/posts\/259624","targetHints":{"allow":["GET"]}}],"collection":[{"href":"https:\/\/ugel04.gob.pe\/home\/wp-json\/wp\/v2\/posts"}],"about":[{"href":"https:\/\/ugel04.gob.pe\/home\/wp-json\/wp\/v2\/types\/post"}],"author":[{"embeddable":true,"href":"https:\/\/ugel04.gob.pe\/home\/wp-json\/wp\/v2\/users\/1"}],"replies":[{"embeddable":true,"href":"https:\/\/ugel04.gob.pe\/home\/wp-json\/wp\/v2\/comments?post=259624"}],"version-history":[{"count":2,"href":"https:\/\/ugel04.gob.pe\/home\/wp-json\/wp\/v2\/posts\/259624\/revisions"}],"predecessor-version":[{"id":259628,"href":"https:\/\/ugel04.gob.pe\/home\/wp-json\/wp\/v2\/posts\/259624\/revisions\/259628"}],"wp:featuredmedia":[{"embeddable":true,"href":"https:\/\/ugel04.gob.pe\/home\/wp-json\/wp\/v2\/media\/259625"}],"wp:attachment":[{"href":"https:\/\/ugel04.gob.pe\/home\/wp-json\/wp\/v2\/media?parent=259624"}],"wp:term":[{"taxonomy":"category","embeddable":true,"href":"https:\/\/ugel04.gob.pe\/home\/wp-json\/wp\/v2\/categories?post=259624"},{"taxonomy":"post_tag","embeddable":true,"href":"https:\/\/ugel04.gob.pe\/home\/wp-json\/wp\/v2\/tags?post=259624"}],"curies":[{"name":"wp","href":"https:\/\/api.w.org\/{rel}","templated":true}]}}